{"id":518279,"date":"2025-10-22T12:37:13","date_gmt":"2025-10-22T12:37:13","guid":{"rendered":"https:\/\/www.europesays.com\/de\/518279\/"},"modified":"2025-10-22T12:37:13","modified_gmt":"2025-10-22T12:37:13","slug":"w-polizei-sucht-zeugen-und-moegliche-geschaedigte-nach-verkehrsunfall","status":"publish","type":"post","link":"https:\/\/www.europesays.com\/de\/518279\/","title":{"rendered":"W Polizei sucht Zeugen und m\u00f6gliche Gesch\u00e4digte nach Verkehrsunfall"},"content":{"rendered":"<p>Am sp\u00e4ten Montagabend (20.10.2025, 22:30 Uhr) kam es zu einem  Verkehrsunfall mit einem Mietfahrzeug. <\/p>\n<p>Ein 18-J\u00e4hriger nutzte den gemieteten Opel Corsa am Abend des  20.10.2025. Anschlie\u00dfend meldete er gegen 23:00 Uhr einen Schaden an  dem Fahrzeug. Einen Hinweis zu weiteren Unfallbeteiligten gibt es  bislang nicht. <\/p>\n<p>Bewegt wurde das Fahrzeug im Bereich der Barmer Innenstadt,  Heckinghausen und Rott und letztlich auf der Heckinghauser Stra\u00dfe  geparkt.<\/p>\n<p>Der 18-J\u00e4hrige gab an, keinen Unfall verursacht zu haben und es nicht dort abgestellt zu haben. <\/p>\n<p>Wie der Schaden an dem Mietfahrzeug entstand, ist Gegenstand der  Ermittlungen. <\/p>\n<p>Das Verkehrskommissariat sucht Zeugen und Hinweisgeber, die am sp\u00e4ten Montagabend verd\u00e4chtige Ger\u00e4usche im Bereich Innenstadt,  Heckinghausen und Rott geh\u00f6rt oder ein Unfallgeschehen beobachtet  haben. <\/p>\n<p>M\u00f6gliche Gesch\u00e4digte, die an dem Abend oder am n\u00e4chsten Morgen einen  frischen Unfallschaden an ihrem Fahrzeug festgestellt haben, werden  gebeten, sich unter 0202 284 0 bei der Polizei melden.<\/p>\n<p>R\u00fcckfragen bitte an:<\/p>\n<p>Polizei Wuppertal Pressestelle \/ \u00d6ffentlichkeitsarbeit Telefon: 0202\/284-2020 E-Mail: pressestelle.wuppertal@polizei.nrw.de<\/p>\n<p>Polizei Wuppertal auch bei www.facebook.com\/Polizei.NRW.W<\/p>\n<p> Original-Content von: Polizei Wuppertal, \u00fcbermittelt durch news aktuell<\/p>\n","protected":false},"excerpt":{"rendered":"Am sp\u00e4ten Montagabend (20.10.2025, 22:30 Uhr) kam es zu einem Verkehrsunfall mit einem Mietfahrzeug. Ein 18-J\u00e4hriger nutzte den&hellip;\n","protected":false},"author":2,"featured_media":31752,"comment_status":"","ping_status":"","sticky":false,"template":"","format":"standard","meta":{"footnotes":""},"categories":[1840],"tags":[3364,29,30,1209,12925,4418],"class_list":{"0":"post-518279","1":"post","2":"type-post","3":"status-publish","4":"format-standard","5":"has-post-thumbnail","7":"category-wuppertal","8":"tag-de","9":"tag-deutschland","10":"tag-germany","11":"tag-nordrhein-westfalen","12":"tag-polizeimeldungen","13":"tag-wuppertal"},"share_on_mastodon":{"url":"","error":""},"_links":{"self":[{"href":"https:\/\/www.europesays.com\/de\/wp-json\/wp\/v2\/posts\/518279","targetHints":{"allow":["GET"]}}],"collection":[{"href":"https:\/\/www.europesays.com\/de\/wp-json\/wp\/v2\/posts"}],"about":[{"href":"https:\/\/www.europesays.com\/de\/wp-json\/wp\/v2\/types\/post"}],"author":[{"embeddable":true,"href":"https:\/\/www.europesays.com\/de\/wp-json\/wp\/v2\/users\/2"}],"replies":[{"embeddable":true,"href":"https:\/\/www.europesays.com\/de\/wp-json\/wp\/v2\/comments?post=518279"}],"version-history":[{"count":0,"href":"https:\/\/www.europesays.com\/de\/wp-json\/wp\/v2\/posts\/518279\/revisions"}],"wp:featuredmedia":[{"embeddable":true,"href":"https:\/\/www.europesays.com\/de\/wp-json\/wp\/v2\/media\/31752"}],"wp:attachment":[{"href":"https:\/\/www.europesays.com\/de\/wp-json\/wp\/v2\/media?parent=518279"}],"wp:term":[{"taxonomy":"category","embeddable":true,"href":"https:\/\/www.europesays.com\/de\/wp-json\/wp\/v2\/categories?post=518279"},{"taxonomy":"post_tag","embeddable":true,"href":"https:\/\/www.europesays.com\/de\/wp-json\/wp\/v2\/tags?post=518279"}],"curies":[{"name":"wp","href":"https:\/\/api.w.org\/{rel}","templated":true}]}}