{"id":518292,"date":"2025-10-22T12:45:14","date_gmt":"2025-10-22T12:45:14","guid":{"rendered":"https:\/\/www.europesays.com\/de\/518292\/"},"modified":"2025-10-22T12:45:14","modified_gmt":"2025-10-22T12:45:14","slug":"loreal-beschleunigt-wachstum-im-dritten-quartal-lebensmittelpraxis-de","status":"publish","type":"post","link":"https:\/\/www.europesays.com\/de\/518292\/","title":{"rendered":"L\u2019Or\u00e9al beschleunigt Wachstum im dritten Quartal \u2013 Lebensmittelpraxis.de"},"content":{"rendered":"<p>                        Frankreich<br \/>\n                        L\u2019Or\u00e9al beschleunigt Wachstum im dritten Quartal\n                                                                                                <\/p>\n<p>                Beitrag teilen<\/p>\n<p>Der franz\u00f6sische Kosmetikkonzern L&#8217;Or\u00e9al verzeichnet in den ersten neun Monaten 2025 ein Umsatzplus von 3,4 Prozent. Alle vier Gesch\u00e4ftsbereiche des Unternehmens legten zu, besonders stark die Division Professionelle Produkte mit 7,4 Prozent.<\/p>\n<p>\n                                            Mittwoch, 22. Oktober 2025, 13:18 Uhr\n                                    <\/p>\n<p>\n                    Lebensmittel Praxis                <\/p>\n<p>                      L\u2019Or\u00e9al erzielte in den ersten neun Monaten 2025 ein Umsatzplus in allen Regionen und Sparten. Besonders stark wuchs das Gesch\u00e4ft in Asien und Europa.                    <\/p>\n<p>                      Bildquelle: Peter Eilers\n                            <\/p>\n","protected":false},"excerpt":{"rendered":"Frankreich L\u2019Or\u00e9al beschleunigt Wachstum im dritten Quartal Beitrag teilen Der franz\u00f6sische Kosmetikkonzern L&#8217;Or\u00e9al verzeichnet in den ersten neun&hellip;\n","protected":false},"author":2,"featured_media":305306,"comment_status":"","ping_status":"","sticky":false,"template":"","format":"standard","meta":{"footnotes":""},"categories":[3974],"tags":[42854,331,332,548,663,3934,3980,156,13,14,15,12],"class_list":{"0":"post-518292","1":"post","2":"type-post","3":"status-publish","4":"format-standard","5":"has-post-thumbnail","7":"category-frankreich","8":"tag-l","9":"tag-aktuelle-nachrichten","10":"tag-aktuelle-news","11":"tag-eu","12":"tag-europa","13":"tag-europe","14":"tag-france","15":"tag-frankreich","16":"tag-headlines","17":"tag-nachrichten","18":"tag-news","19":"tag-schlagzeilen"},"share_on_mastodon":{"url":"https:\/\/pubeurope.com\/@de\/115417889168317891","error":""},"_links":{"self":[{"href":"https:\/\/www.europesays.com\/de\/wp-json\/wp\/v2\/posts\/518292","targetHints":{"allow":["GET"]}}],"collection":[{"href":"https:\/\/www.europesays.com\/de\/wp-json\/wp\/v2\/posts"}],"about":[{"href":"https:\/\/www.europesays.com\/de\/wp-json\/wp\/v2\/types\/post"}],"author":[{"embeddable":true,"href":"https:\/\/www.europesays.com\/de\/wp-json\/wp\/v2\/users\/2"}],"replies":[{"embeddable":true,"href":"https:\/\/www.europesays.com\/de\/wp-json\/wp\/v2\/comments?post=518292"}],"version-history":[{"count":0,"href":"https:\/\/www.europesays.com\/de\/wp-json\/wp\/v2\/posts\/518292\/revisions"}],"wp:featuredmedia":[{"embeddable":true,"href":"https:\/\/www.europesays.com\/de\/wp-json\/wp\/v2\/media\/305306"}],"wp:attachment":[{"href":"https:\/\/www.europesays.com\/de\/wp-json\/wp\/v2\/media?parent=518292"}],"wp:term":[{"taxonomy":"category","embeddable":true,"href":"https:\/\/www.europesays.com\/de\/wp-json\/wp\/v2\/categories?post=518292"},{"taxonomy":"post_tag","embeddable":true,"href":"https:\/\/www.europesays.com\/de\/wp-json\/wp\/v2\/tags?post=518292"}],"curies":[{"name":"wp","href":"https:\/\/api.w.org\/{rel}","templated":true}]}}