{"id":518338,"date":"2025-10-22T13:10:17","date_gmt":"2025-10-22T13:10:17","guid":{"rendered":"https:\/\/www.europesays.com\/de\/518338\/"},"modified":"2025-10-22T13:10:17","modified_gmt":"2025-10-22T13:10:17","slug":"busse-statt-bahnen-wegen-bauarbeiten-in-flingern","status":"publish","type":"post","link":"https:\/\/www.europesays.com\/de\/518338\/","title":{"rendered":"Busse statt Bahnen wegen Bauarbeiten in Flingern"},"content":{"rendered":"<p>Rheinbahn in D\u00fcsseldorf <\/p>\n<p>Busse statt Bahnen wegen Bauarbeiten in Flingern<\/p>\n<p>22.10.2025 &#8211; 14:45 UhrLesedauer: 2 Min.<\/p>\n<p><a href=\"#focus-0\" class=\"transition-colors duration-200 block text-current relative\" data-sctrack=\"FocusGalleryImage.Reference\"><img fetchpriority=\"high\" data-testid=\"Opener.Image\" style=\"--lqipURL:url('https:\/\/images.t-online.de\/2024\/10\/tsCupQBJV9wc\/0x208:4000x2250\/fit-in\/150x0\/filters:blur(25)\/arbeiten-an-gleisen-archivbild-eine-grossbaustelle-hat-auswirkungen-auf-den-verkehr-im-duesseldorfer-norden.jpg')\"   loading=\"eager\" src=\"https:\/\/www.europesays.com\/de\/wp-content\/uploads\/2025\/08\/arbeiten-an-gleisen-archivbild-eine-grossbaustelle-hat-auswirkungen-auf-den-verkehr-im-duesseldorfer.jpeg\" alt=\"imago images 161170917\" title=\"imago images 161170917\" width=\"4000\" height=\"2250\" class=\"bg-[url:var(--lqipURL)] bg-cover bg-center flex h-full w-full max-w-full\" decoding=\"async\"\/><img style=\"--width:32;--height:32\" loading=\"lazy\" src=\"https:\/\/www.t-online.de\/s\/paper\/_next\/static\/media\/zoom-in.f7dae02f.svg\" alt=\"Vergr\u00f6\u00dfern des Bildes\" title=\"Vergr\u00f6\u00dfern des Bildes\" class=\"block h-[calc(var(--height)_\/_16_*_1rem)] w-[calc(var(--width)_\/_16_*_1rem)] max-w-none absolute bottom-8 right-8 rounded-4 bg-snow p-8\" decoding=\"async\"\/><\/a><\/p>\n<p>Arbeiten an Gleisen (Archivbild): Eine Gro\u00dfbaustelle hat Auswirkungen auf den Bahnverkehr. (Quelle: Michael Gstettenbauer\/imago-images-bilder)<\/p>\n<p class=\"font-bold text-18 leading-17\">Aufgrund von Fahrleitungsarbeiten sind bei der Rheinbahn Busse statt Bahnen auf den Linien U72, U73 und 706 im Einsatz. \u00c4nderungen gibt es auch f\u00fcr drei weitere Linien.<\/p>\n<p class=\"text-18 leading-17\">Fahrleitungsarbeiten in Flingern haben in den n\u00e4chsten Tagen Auswirkungen auf mehrere Linien der Rheinbahn. Denn die Kreuzung Lindemannstra\u00dfe\/Grafenberger Allee\/Dorotheenstra\u00dfe muss an folgenden Tagen jeweils nachts zwischen 21 und 4 f\u00fcr den Bahnverkehr gesperrt werden:<\/p>\n<p class=\"text-18 leading-17\">Davon betroffen sind die Stadtbahnlinien U71, U72, U73 und U83 sowie die Stra\u00dfenbahnlinien 706 und 708. Alle \u00c4nderungen im Detail:<\/p>\n<p class=\"text-18 leading-17\"><strong class=\"font-bold\">Stadtbahnlinien U72: <\/strong>Von Benrath kommend, fahren die Bahnen ab der Haltestelle &#8222;Wehrhahn S&#8220; \u00fcber die Strecke der Linie U71 und enden an der Haltestelle &#8222;Heinrichstra\u00dfe&#8220;. Von hier aus fahren die Bahnen wieder zur\u00fcck nach Benrath. Von <a class=\"transition-colors duration-200 cursor-pointer text-inherit no-underline text-salemsfur md:hover:text-magenta md:hover:border-magenta md:focus:text-magenta border-current border-b border-solid break-words\" href=\"https:\/\/www.t-online.de\/themen\/ratingen\/\" data-sctrack=\"BodyAnchor\" target=\"_blank\" rel=\"noopener\">Ratingen<\/a> kommend, fahren die Bahnen bis zur Haltestelle &#8222;Vautierstra\u00dfe&#8220;, wenden und fahren wieder zur\u00fcck nach Ratingen.<\/p>\n<p class=\"text-18 leading-17\">Auf dem gesperrten Abschnitt zwischen den Haltestellen &#8222;Wehrhahn S&#8220; und &#8222;Vautierstra\u00dfe&#8220; sind Busse statt Bahnen im Einsatz. Die Ersatzbusse halten in der Regel in H\u00f6he der bestehenden Stadtbahn-Haltestellen oder an einer Ersatzhaltestelle am rechten Rand der Fahrbahn. Die Haltestelle &#8222;Wehrhahn S&#8220; wird f\u00fcr die Ersatzbusse an eine Ersatzhaltestelle auf der Stra\u00dfe Am Wehrhahn in H\u00f6he der Einm\u00fcndung der Birkenstra\u00dfe verlegt.<\/p>\n<p class=\"text-18 leading-17\"><strong class=\"font-bold\">Stadtbahnlinien U73: <\/strong>Von der Universit\u00e4t kommend, fahren die Bahnen ab der Haltestelle &#8222;Wehrhahn S&#8220; \u00fcber die Strecke der Linie U71 und enden an der Haltestelle &#8222;Heinrichstra\u00dfe&#8220;. Von hier aus fahren die Bahnen wieder zur\u00fcck zur Universit\u00e4t.<\/p>\n<p class=\"text-18 leading-17\">Auf dem gesperrten Abschnitt zwischen den Haltestellen &#8222;Wehrhahn S&#8220; und &#8222;Gerresheim S&#8220; sind Busse statt Bahnen im Einsatz. Die Ersatzbusse halten in der Regel in H\u00f6he der bestehenden Stadtbahn-Haltestellen oder an einer Ersatzhaltestelle am rechten Rand der Fahrbahn. Die Haltestelle &#8222;Wehrhahn S&#8220; wird f\u00fcr die Ersatzbusse an eine Ersatzhaltestelle auf der Stra\u00dfe Am Wehrhahn in H\u00f6he der Einm\u00fcndung der Birkenstra\u00dfe verlegt.<\/p>\n<p class=\"text-18 leading-17\"><strong class=\"font-bold\">Stadtbahnlinie U83: <\/strong>Die Stadtbahnlinie U83 muss entfallen. Alternativ f\u00e4hrt die Linie U71 h\u00e4ufiger. Die Rheinbahn bittet die Fahrg\u00e4ste, zwischen den Haltestellen &#8222;Hellriegelstra\u00dfe&#8220; und &#8222;Wehrhahn S&#8220; die Linie U71 und zwischen den Haltestellen &#8222;Wehrhahn S&#8220; und &#8222;Gerresheim, Krankenhaus&#8220; die Ersatzbusse der Linie U73 und die Stra\u00dfenbahnlinie 709 zu nutzen.<\/p>\n<p class=\"text-18 leading-17\"><strong class=\"font-bold\">Stra\u00dfenbahnlinie 706: <\/strong>Die Bahnen fahren, von <a class=\"transition-colors duration-200 cursor-pointer text-inherit no-underline text-salemsfur md:hover:text-magenta md:hover:border-magenta md:focus:text-magenta border-current border-b border-solid break-words\" href=\"https:\/\/www.t-online.de\/themen\/hamm\/\" data-sctrack=\"BodyAnchor\" target=\"_blank\" rel=\"noopener\">Hamm<\/a> kommend, ab der Haltestelle &#8222;Brehmplatz&#8220; \u00fcber die Strecke der Linie 708 und enden an der Haltestelle &#8222;Heinrichstra\u00dfe&#8220;. Von hier aus fahren die Bahnen wieder zur\u00fcck nach Hamm.<\/p>\n<p class=\"text-18 leading-17\">Auf dem gesperrten Abschnitt zwischen den Haltestellen &#8222;Brehmplatz&#8220; und &#8222;Am Steinberg&#8220; sind Busse statt Bahnen im Einsatz. Die Ersatzbusse halten in der Regel an den bestehenden Stra\u00dfenbahn-Haltestellen oder einer Ersatzhaltestelle am rechten Rand der Fahrbahn.<\/p>\n<p class=\"text-18 leading-17\"><strong class=\"font-bold\">Stra\u00dfenbahnlinie 708: <\/strong>Vom Polizeipr\u00e4sidium kommend, enden die Bahnen bereits an der Haltestelle &#8222;Hauptbahnhof&#8220;, wenden und fahren wieder zur\u00fcck. Der Abschnitt zwischen den Haltestellen &#8222;Hauptbahnhof&#8220; und &#8222;Heinrichstra\u00dfe&#8220; muss entfallen. Die Rheinbahn bittet die Fahrg\u00e4ste, parallel fahrende Linien zu nutzen.<\/p>\n","protected":false},"excerpt":{"rendered":"Rheinbahn in D\u00fcsseldorf Busse statt Bahnen wegen Bauarbeiten in Flingern 22.10.2025 &#8211; 14:45 UhrLesedauer: 2 Min. Arbeiten an&hellip;\n","protected":false},"author":2,"featured_media":328540,"comment_status":"","ping_status":"","sticky":false,"template":"","format":"standard","meta":{"footnotes":""},"categories":[1831],"tags":[2227,62667,3364,29,3405,6600,67181,128636,5427,30,11069,6513,1209,10078,4102,26090,5162],"class_list":{"0":"post-518338","1":"post","2":"type-post","3":"status-publish","4":"format-standard","5":"has-post-thumbnail","7":"category-duesseldorf","8":"tag-bahnverkehr","9":"tag-birkenstrasse","10":"tag-de","11":"tag-deutschland","12":"tag-duesseldorf","13":"tag-ersatzbus","14":"tag-ersatzhaltestelle","15":"tag-fahrleitungsarbeit","16":"tag-flingern","17":"tag-germany","18":"tag-gerresheim","19":"tag-haltestelle","20":"tag-nordrhein-westfalen","21":"tag-ratingen","22":"tag-rheinbahn","23":"tag-stadtbahnlinie","24":"tag-universitaet"},"share_on_mastodon":{"url":"https:\/\/pubeurope.com\/@de\/115417987690981311","error":""},"_links":{"self":[{"href":"https:\/\/www.europesays.com\/de\/wp-json\/wp\/v2\/posts\/518338","targetHints":{"allow":["GET"]}}],"collection":[{"href":"https:\/\/www.europesays.com\/de\/wp-json\/wp\/v2\/posts"}],"about":[{"href":"https:\/\/www.europesays.com\/de\/wp-json\/wp\/v2\/types\/post"}],"author":[{"embeddable":true,"href":"https:\/\/www.europesays.com\/de\/wp-json\/wp\/v2\/users\/2"}],"replies":[{"embeddable":true,"href":"https:\/\/www.europesays.com\/de\/wp-json\/wp\/v2\/comments?post=518338"}],"version-history":[{"count":0,"href":"https:\/\/www.europesays.com\/de\/wp-json\/wp\/v2\/posts\/518338\/revisions"}],"wp:featuredmedia":[{"embeddable":true,"href":"https:\/\/www.europesays.com\/de\/wp-json\/wp\/v2\/media\/328540"}],"wp:attachment":[{"href":"https:\/\/www.europesays.com\/de\/wp-json\/wp\/v2\/media?parent=518338"}],"wp:term":[{"taxonomy":"category","embeddable":true,"href":"https:\/\/www.europesays.com\/de\/wp-json\/wp\/v2\/categories?post=518338"},{"taxonomy":"post_tag","embeddable":true,"href":"https:\/\/www.europesays.com\/de\/wp-json\/wp\/v2\/tags?post=518338"}],"curies":[{"name":"wp","href":"https:\/\/api.w.org\/{rel}","templated":true}]}}