{"id":518377,"date":"2025-10-22T13:31:14","date_gmt":"2025-10-22T13:31:14","guid":{"rendered":"https:\/\/www.europesays.com\/de\/518377\/"},"modified":"2025-10-22T13:31:14","modified_gmt":"2025-10-22T13:31:14","slug":"schlagzeuger-dave-mcclain-steigt-aus","status":"publish","type":"post","link":"https:\/\/www.europesays.com\/de\/518377\/","title":{"rendered":"Schlagzeuger Dave McClain steigt aus"},"content":{"rendered":"<p><img loading=\"lazy\" decoding=\"async\" src=\"https:\/\/www.europesays.com\/de\/wp-content\/uploads\/2025\/10\/253daeade32b43ee9133fbf2253a019f.gif\" alt=\"\" width=\"1\" height=\"1\"\/>Bei <a href=\"https:\/\/www.metal-hammer.de\/artists\/sacred-reich\/\" rel=\"nofollow noopener\" target=\"_blank\">Sacred Reich<\/a> hat sich das Personalkarussell gedreht. Schlagzeuger Dave McClain ist nicht mehr mit von der Partie \u2014 und das auf eigenen Wunsch. Die im November anstehenden Konzerte in Europa zusammen mit <a href=\"https:\/\/www.metal-hammer.de\/artists\/hatebreed\/\" rel=\"nofollow noopener\" target=\"_blank\">Hatebreed<\/a> werden die US-Thrash-Metaller mit dem brasilianischen Drummer Eduardo Baldo bestreiten, der zuletzt bei Red Devil Vortex aus Los Angeles die Felle verdrosch.<\/p>\n<p>Neue Kapitel<\/p>\n<p>Von Seiten der Gruppe um Bassist und Frontmann Phil Rind hei\u00dft es hierzu: \u201eDave McClain ist nicht mehr l\u00e4nger ein Mitglied von Sacred Reich. Wir w\u00fcnschen ihm alles Gute. Unser Freund Eduardo Baldo wird die Shows im November in Europa mit uns spielen. Wir danken ihm daf\u00fcr, dass er so kurzfristig eingesprungen ist.<\/p>\n<p>Empfehlungen der Redaktion<\/p>\n<p>Wir freuen uns auf dieses neue Kapitel in der Geschichte von Sacred Reich. Derzeit stellen wir unser neues Album INTO THE ABYSS fertig, welches im Fr\u00fchling 2026 mittels Metal Blade Records ver\u00f6ffentlicht werden wird. Gro\u00dfartige Dinge kommen auf euch zu. Wir k\u00f6nnen es nicht erwarten, sie euch zu zeigen. In Liebe und Dankbarkeit \u2014 Wiley, Joey und Phil.\u201c<\/p>\n<p>Dave McClain war von 1991 bis 1995 der Trommler bei Sacred Reich. Dabei war er auf der A QUESTION EP (1991) sowie den Longplayern INDEPENDENT (1993) und HEAL (1996) zu h\u00f6ren. Anschlie\u00dfend stieg er bei <a href=\"https:\/\/www.metal-hammer.de\/artists\/machine-head\/\" rel=\"nofollow noopener\" target=\"_blank\">Machine Head<\/a> ein. Alsdann schloss sich McClain im Jahr 2018 wieder Phil Rind und Co. an.<\/p>\n<p>An dieser Stelle findest du Inhalte aus Instagram<\/p>\n<p>Um mit Inhalten aus Sozialen Netzwerken zu interagieren oder diese darzustellen, brauchen wir deine Zustimmung.<\/p>\n<p>\tSoziale Netzwerke aktivieren<\/p>\n<p>Der Drummer hat sich zudem selbst in den Sozialen Medien zu Wort gemeldet, um seinen Ausstieg zu erkl\u00e4ren:\u00a0\u201eHallo zusammen! Wie ihr sicher schon vernommen habt, bin ich nicht mehr bei Sacred Reich. Seitdem ich 2018 dort eingestiegen bin, haben wir tolle Musik gemacht und spa\u00dfige Zeiten zusammen erlebt. Ich habe mich dazu entschlossen, weiterzuziehen, und w\u00fcnsche ihnen allen das Beste f\u00fcr die Zukunft. <\/p>\n<p>An dieser Stelle findest du Inhalte aus Instagram<\/p>\n<p>Um mit Inhalten aus Sozialen Netzwerken zu interagieren oder diese darzustellen, brauchen wir deine Zustimmung.<\/p>\n<p>\tSoziale Netzwerke aktivieren<\/p>\n<p>Wenn ihr in den vergangenen sechs Jahren auf einem Sacred Reich-Konzert wart, war es mir ein Vergn\u00fcgen, f\u00fcr euch aufzutreten und viele von euch getroffen zu haben. Weiter werde ich zu hundert Prozent mein Ding machen \u2014 sei es nun Live-Spielen, Aufnehmen, Unterrichten oder einfach nur in meinem Heimstudio spielen. Ich hoffe, ich sehe euch alle wieder da drau\u00dfen in Welt. Aber jetzt zur\u00fcck in meinen Schlagzeugraum.\u201c<\/p>\n<p>\u2014<br \/>Bestens informiert \u00fcber dieses und alle weiteren wichtigen Themen im Metal bleibt ihr au\u00dferdem mit unserem Newsletter. Einmal pro Woche flattert euch \u00fcbersichtlich sortiert ein Update ins Postfach.\u00a0<a href=\"https:\/\/www.metal-hammer.de\/news\/newsletter\/\" target=\"_blank\" rel=\"noopener noreferrer nofollow\"><strong>Einfach anmelden<\/strong><\/a>, damit euch auch sicher nichts entgeht.<\/p>\n","protected":false},"excerpt":{"rendered":"Bei Sacred Reich hat sich das Personalkarussell gedreht. Schlagzeuger Dave McClain ist nicht mehr mit von der Partie&hellip;\n","protected":false},"author":2,"featured_media":518378,"comment_status":"","ping_status":"","sticky":false,"template":"","format":"standard","meta":{"footnotes":""},"categories":[1772],"tags":[128639,29,31123,128640,214,30,1779,810,128641,128642,23082,10865,215],"class_list":{"0":"post-518377","1":"post","2":"type-post","3":"status-publish","4":"format-standard","5":"has-post-thumbnail","7":"category-musik","8":"tag-dave-mcclain","9":"tag-deutschland","10":"tag-drummer","11":"tag-eduardo-baldo","12":"tag-entertainment","13":"tag-germany","14":"tag-music","15":"tag-musik","16":"tag-red-devil-vortex","17":"tag-sacred-reich","18":"tag-schlagzeuger","19":"tag-trennung","20":"tag-unterhaltung"},"share_on_mastodon":{"url":"https:\/\/pubeurope.com\/@de\/115418070203972870","error":""},"_links":{"self":[{"href":"https:\/\/www.europesays.com\/de\/wp-json\/wp\/v2\/posts\/518377","targetHints":{"allow":["GET"]}}],"collection":[{"href":"https:\/\/www.europesays.com\/de\/wp-json\/wp\/v2\/posts"}],"about":[{"href":"https:\/\/www.europesays.com\/de\/wp-json\/wp\/v2\/types\/post"}],"author":[{"embeddable":true,"href":"https:\/\/www.europesays.com\/de\/wp-json\/wp\/v2\/users\/2"}],"replies":[{"embeddable":true,"href":"https:\/\/www.europesays.com\/de\/wp-json\/wp\/v2\/comments?post=518377"}],"version-history":[{"count":0,"href":"https:\/\/www.europesays.com\/de\/wp-json\/wp\/v2\/posts\/518377\/revisions"}],"wp:featuredmedia":[{"embeddable":true,"href":"https:\/\/www.europesays.com\/de\/wp-json\/wp\/v2\/media\/518378"}],"wp:attachment":[{"href":"https:\/\/www.europesays.com\/de\/wp-json\/wp\/v2\/media?parent=518377"}],"wp:term":[{"taxonomy":"category","embeddable":true,"href":"https:\/\/www.europesays.com\/de\/wp-json\/wp\/v2\/categories?post=518377"},{"taxonomy":"post_tag","embeddable":true,"href":"https:\/\/www.europesays.com\/de\/wp-json\/wp\/v2\/tags?post=518377"}],"curies":[{"name":"wp","href":"https:\/\/api.w.org\/{rel}","templated":true}]}}