{"id":518383,"date":"2025-10-22T13:34:13","date_gmt":"2025-10-22T13:34:13","guid":{"rendered":"https:\/\/www.europesays.com\/de\/518383\/"},"modified":"2025-10-22T13:34:13","modified_gmt":"2025-10-22T13:34:13","slug":"champions-league-leverkusen-fans-verhoehnen-mark-flekken-bei-27-pleite-gegen-psg-sport","status":"publish","type":"post","link":"https:\/\/www.europesays.com\/de\/518383\/","title":{"rendered":"Champions League: Leverkusen-Fans verh\u00f6hnen Mark Flekken bei 2:7-Pleite gegen PSG | Sport"},"content":{"rendered":"<p><b>Was f\u00fcr eine bittere Lehrstunde auf der gr\u00f6\u00dften europ\u00e4ischen Fu\u00dfball-B\u00fchne.<\/b><\/p>\n<p>Leverkusen wurde im eigenen Stadion von Titelverteidiger Paris gnadenlos vorgef\u00fchrt. Das 2:7-Debakel erinnerte an die legend\u00e4re 1:7-Klatsche in der Champions League vor \u00fcber 13 Jahren in Barcelona.<\/p>\n<p>Auch interessant<\/p>\n<p>Anzeige<\/p>\n<p>Auch interessant<\/p>\n<p>Anzeige<\/p>\n<p>\u201eWir m\u00fcssen uns bei den Fans entschuldigen\u201c, sagte Leverkusens Doppel-Torsch\u00fctze Aleix Garcia (28) nach der Blamage.<\/p>\n<p>Die Bayer-Anh\u00e4nger unterst\u00fctzten die neu formierte und personell stark dezimierte Werkself bis zum Schluss \u2013 trotz der Aussichtslosigkeit gegen die zurzeit beste Mannschaft der Welt.<\/p>\n<p>Trainer Kasper Hjulmand (53): \u201eIch habe gro\u00dfen Respekt davor, wie die Fans mit der Mannschaft umgegangen sind. Ich hoffe sehr, dass wir ihnen Sonntag gegen Freiburg etwas zur\u00fcckgeben werden.\u201c<\/p>\n<p><b>Allerdings hatte sich ein Teil der Fans zum Ende des Spiels auf Torwart Mark Flekken (32) eingeschossen. Sieben von acht Sch\u00fcssen landeten im Netz. Es gab h\u00f6hnischen Beifall, als der holl\u00e4ndische Nationalkeeper einen Ball festhielt. <\/b><\/p>\n<p><img decoding=\"async\" width=\"992\" height=\"558\" alt=\"Torwart Mark Flekken am Boden. Er musste gegen Paris sieben Tore hinnehmen\" src=\"https:\/\/www.europesays.com\/de\/wp-content\/uploads\/2025\/10\/52847fe0338436f8c8856a1e43d76856,20b42b58\"   class=\"landscape\" loading=\"lazy\"\/><\/p>\n<p class=\"fig__caption__text\">Torwart Mark Flekken am Boden. Er musste gegen Paris sieben Tore hinnehmen<\/p>\n<p>Foto: AP<\/p>\n<p>Flekken kam im Sommer f\u00fcr 10 Mio. Euro Abl\u00f6se aus Brentford und verdr\u00e4ngte mit Double-Kapit\u00e4n Lukas Hradecky (35\/ging nach Monaco) eine Klub-Ikone. Bislang ist Flekken in Leverkusen nicht das erhoffte Upgrade zu Hradecky. Viele Fans sehen vor allem seine Dribblings kritisch.<\/p>\n<p><b>Fakt ist aber: Ex-Trainer Xabi Alonso (43\/jetzt Real Madrid) hatte ihn noch mit ausgesucht.<\/b><\/p>\n<p>Sport-Boss Simon Rolfes (43) verteidigt seinen Keeper gegen\u00fcber BILD: \u201eEs hat sicherlich nicht an Mark gelegen, dass wir gegen PSG verloren haben. Wir wollten bewusst einen Torwart haben, der gut mitspielen kann.\u201c<\/p>\n<p>Mitten im Spiel: Eintracht-Star zofft sich mit Fans<a class=\"anchor video-teaser__anchor\" href=\"https:\/\/www.bild.de\/sport\/fussball\/mitten-im-spiel-eintracht-star-liefert-sich-wortgefecht-mit-fans-68f8b5d559e2e0975070819a\" rel=\"nofollow noopener\" target=\"_blank\"><img decoding=\"async\" width=\"992\" height=\"558\" alt=\"Teaser-Bild\" src=\"https:\/\/www.europesays.com\/de\/wp-content\/uploads\/2025\/10\/c7ef4a325e14ef763cfc9374cf7b489b-landscape,a5e11331\"   class=\"landscape teaser__image\" loading=\"lazy\"\/><\/a><\/p>\n<p>Quelle: DFL, BILD22.10.2025<\/p>\n<p>Nach BILD-Informationen soll ein Wechsel im Kasten \u2013 der Ex-Leipziger Janis Blaswich (34) ist seit Sommer Bayers Nummer 2 \u2013 kein Thema sein.<\/p>\n<p><b>Mit nur zwei Punkten aus drei Spielen wird das Weiterkommen in der Champions League \u201enicht einfacher\u201c, meint Rolfes, \u201ees ist aber auch nicht so, dass wir gegen Paris drei Punkte eingeplant hatten. Aus den 15 Minuten nach dem 1:1 m\u00fcssen wir lernen, dass wir das anders machen. Benfica wird ein anderes Spiel, da m\u00fcssen wir anders auftreten \u2013 und das werden wir auch machen. Wir haben noch alle M\u00f6glichkeiten, in die Play-offs einzuziehen.\u201c<\/b><\/p>\n<p>Mehr zum Thema<\/p>\n","protected":false},"excerpt":{"rendered":"Was f\u00fcr eine bittere Lehrstunde auf der gr\u00f6\u00dften europ\u00e4ischen Fu\u00dfball-B\u00fchne. Leverkusen wurde im eigenen Stadion von Titelverteidiger Paris&hellip;\n","protected":false},"author":2,"featured_media":518384,"comment_status":"","ping_status":"","sticky":false,"template":"","format":"standard","meta":{"footnotes":""},"categories":[136],"tags":[5622,468,29,458,347,30,5623,265,819,45,1261],"class_list":{"0":"post-518383","1":"post","2":"type-post","3":"status-publish","4":"format-standard","5":"has-post-thumbnail","7":"category-sport","8":"tag-bayer-leverkusen","9":"tag-champions-league","10":"tag-deutschland","11":"tag-fc-bayern-muenchen","12":"tag-fussball","13":"tag-germany","14":"tag-rolfes-simon","15":"tag-sport","16":"tag-sport-leuchtturm-essen","17":"tag-texttospeech","18":"tag-toralarm-top-news"},"share_on_mastodon":{"url":"https:\/\/pubeurope.com\/@de\/115418083221423214","error":""},"_links":{"self":[{"href":"https:\/\/www.europesays.com\/de\/wp-json\/wp\/v2\/posts\/518383","targetHints":{"allow":["GET"]}}],"collection":[{"href":"https:\/\/www.europesays.com\/de\/wp-json\/wp\/v2\/posts"}],"about":[{"href":"https:\/\/www.europesays.com\/de\/wp-json\/wp\/v2\/types\/post"}],"author":[{"embeddable":true,"href":"https:\/\/www.europesays.com\/de\/wp-json\/wp\/v2\/users\/2"}],"replies":[{"embeddable":true,"href":"https:\/\/www.europesays.com\/de\/wp-json\/wp\/v2\/comments?post=518383"}],"version-history":[{"count":0,"href":"https:\/\/www.europesays.com\/de\/wp-json\/wp\/v2\/posts\/518383\/revisions"}],"wp:featuredmedia":[{"embeddable":true,"href":"https:\/\/www.europesays.com\/de\/wp-json\/wp\/v2\/media\/518384"}],"wp:attachment":[{"href":"https:\/\/www.europesays.com\/de\/wp-json\/wp\/v2\/media?parent=518383"}],"wp:term":[{"taxonomy":"category","embeddable":true,"href":"https:\/\/www.europesays.com\/de\/wp-json\/wp\/v2\/categories?post=518383"},{"taxonomy":"post_tag","embeddable":true,"href":"https:\/\/www.europesays.com\/de\/wp-json\/wp\/v2\/tags?post=518383"}],"curies":[{"name":"wp","href":"https:\/\/api.w.org\/{rel}","templated":true}]}}