{"id":518441,"date":"2025-10-22T14:05:12","date_gmt":"2025-10-22T14:05:12","guid":{"rendered":"https:\/\/www.europesays.com\/de\/518441\/"},"modified":"2025-10-22T14:05:12","modified_gmt":"2025-10-22T14:05:12","slug":"nicolas-sarkozy-oui-je-taime","status":"publish","type":"post","link":"https:\/\/www.europesays.com\/de\/518441\/","title":{"rendered":"Nicolas Sarkozy: &#8222;Oui &#8230; Je t&#8217;aime&#8220;"},"content":{"rendered":"<p class=\"paragraph\">Wer in Auteuil lebt, einem Stadtteil im Pariser Westen, traf in der Vergangenheit gelegentlich <a class=\"rtr-entity\" href=\"https:\/\/www.zeit.de\/thema\/nicolas-sarkozy\" target=\"_blank\" rel=\"noopener\">Nicolas Sarkozy<\/a>. In kurzen Hosen lief der fr\u00fchere Pr\u00e4sident meist morgens seine Runden. Ein Sicherheitsbeamter joggte hinter ihm, ein zweiter fuhr auf dem Fahrrad nebenher. Die Passanten nahmen in der Regel wenig Anteil. Auteuil geh\u00f6rt zu den wohlhabenden und diskreten Vierteln der Stadt. Sarkozy wohnt hier seit vielen Jahren, am Ende einer kurzen Sackgasse, in einem Haus, das seiner Frau Carla Bruni geh\u00f6rt.\n<\/p>\n<p class=\"paragraph\">Am Dienstagmorgen dieser Woche, um kurz nach neun, verl\u00e4sst Sarkozy das Haus. Diesmal in einer langen Hose, dazu ein Pullover, dar\u00fcber ein Sakko. Bequeme Kleidung, seine Frau tr\u00e4gt schwarz. Hand in Hand mit <a class=\"rtr-entity\" href=\"https:\/\/www.zeit.de\/thema\/carla-bruni\" target=\"_blank\" rel=\"noopener\">Bruni<\/a> spaziert Sarkozy die Sackgasse hinunter. Am anderen Ende haben sich einige Hundert Menschen versammelt. Eine Solidarit\u00e4tskundgebung, die drei erwachsenen S\u00f6hne Sarkozys hatten dazu aufgerufen, ihrem Vater beizustehen.<\/p>\n","protected":false},"excerpt":{"rendered":"Wer in Auteuil lebt, einem Stadtteil im Pariser Westen, traf in der Vergangenheit gelegentlich Nicolas Sarkozy. In kurzen&hellip;\n","protected":false},"author":2,"featured_media":518442,"comment_status":"","ping_status":"","sticky":false,"template":"","format":"standard","meta":{"footnotes":""},"categories":[3974],"tags":[331,332,68144,548,663,3934,3980,156,3647,13,1015,14,15,45652,16,121,6577,12],"class_list":{"0":"post-518441","1":"post","2":"type-post","3":"status-publish","4":"format-standard","5":"has-post-thumbnail","7":"category-frankreich","8":"tag-aktuelle-nachrichten","9":"tag-aktuelle-news","10":"tag-carla-bruni","11":"tag-eu","12":"tag-europa","13":"tag-europe","14":"tag-france","15":"tag-frankreich","16":"tag-gefaengnis","17":"tag-headlines","18":"tag-justiz","19":"tag-nachrichten","20":"tag-news","21":"tag-nicolas-sarkozy","22":"tag-politik","23":"tag-polizei","24":"tag-praesidentschaft","25":"tag-schlagzeilen"},"share_on_mastodon":{"url":"","error":""},"_links":{"self":[{"href":"https:\/\/www.europesays.com\/de\/wp-json\/wp\/v2\/posts\/518441","targetHints":{"allow":["GET"]}}],"collection":[{"href":"https:\/\/www.europesays.com\/de\/wp-json\/wp\/v2\/posts"}],"about":[{"href":"https:\/\/www.europesays.com\/de\/wp-json\/wp\/v2\/types\/post"}],"author":[{"embeddable":true,"href":"https:\/\/www.europesays.com\/de\/wp-json\/wp\/v2\/users\/2"}],"replies":[{"embeddable":true,"href":"https:\/\/www.europesays.com\/de\/wp-json\/wp\/v2\/comments?post=518441"}],"version-history":[{"count":0,"href":"https:\/\/www.europesays.com\/de\/wp-json\/wp\/v2\/posts\/518441\/revisions"}],"wp:featuredmedia":[{"embeddable":true,"href":"https:\/\/www.europesays.com\/de\/wp-json\/wp\/v2\/media\/518442"}],"wp:attachment":[{"href":"https:\/\/www.europesays.com\/de\/wp-json\/wp\/v2\/media?parent=518441"}],"wp:term":[{"taxonomy":"category","embeddable":true,"href":"https:\/\/www.europesays.com\/de\/wp-json\/wp\/v2\/categories?post=518441"},{"taxonomy":"post_tag","embeddable":true,"href":"https:\/\/www.europesays.com\/de\/wp-json\/wp\/v2\/tags?post=518441"}],"curies":[{"name":"wp","href":"https:\/\/api.w.org\/{rel}","templated":true}]}}