{"id":518456,"date":"2025-10-22T14:13:11","date_gmt":"2025-10-22T14:13:11","guid":{"rendered":"https:\/\/www.europesays.com\/de\/518456\/"},"modified":"2025-10-22T14:13:11","modified_gmt":"2025-10-22T14:13:11","slug":"autofahrerin-fluechtet-nach-zusammenstoss-mit-radfahrer","status":"publish","type":"post","link":"https:\/\/www.europesays.com\/de\/518456\/","title":{"rendered":"Autofahrerin fl\u00fcchtet nach Zusammensto\u00df mit Radfahrer"},"content":{"rendered":"<p class=\"text_ohne_einzug richtext text-em-55 !leading-serif mx-6 desktop:mx-0\">  Das Verkehrskommissariat 1 in <a href=\"https:\/\/rp-online.de\/thema\/kamp-lintfort\/\" target=\"_blank\" rel=\"noopener\">Kamp-Lintfort<\/a> geht einer Unfallflucht nach, die sich am Donnerstag, 16. Oktober, in <a href=\"https:\/\/rp-online.de\/thema\/moers\/\" target=\"_blank\" rel=\"noopener\">Moers<\/a> ereignet hat. Gegen acht Uhr fuhr eine 28-j\u00e4hriger Mann aus Moers mit seinem Fahrrad die Wetterstra\u00dfe in Richtung Pestalozzistra\u00dfe entlang. Beim Abbiegen nach rechts in die Wittfeldstra\u00dfe \u00fcbersah die Fahrerin eines <a href=\"https:\/\/rp-online.de\/thema\/bmw\/\" target=\"_blank\" rel=\"noopener\">BMW<\/a> den 28-J\u00e4hrigen und fuhr auf das Fahrrad auf. Dadurch st\u00fcrzte der Radfahrer und verletzte sich leicht.<\/p>\n","protected":false},"excerpt":{"rendered":"Das Verkehrskommissariat 1 in Kamp-Lintfort geht einer Unfallflucht nach, die sich am Donnerstag, 16. Oktober, in Moers ereignet&hellip;\n","protected":false},"author":2,"featured_media":518457,"comment_status":"","ping_status":"","sticky":false,"template":"","format":"standard","meta":{"footnotes":""},"categories":[1838],"tags":[3807,53056,374,3364,29,3715,6850,30,14996,4791,1209,128671,437,18270,128670],"class_list":{"0":"post-518456","1":"post","2":"type-post","3":"status-publish","4":"format-standard","5":"has-post-thumbnail","7":"category-duisburg","8":"tag-moers","9":"tag-aelteren","10":"tag-bmw","11":"tag-de","12":"tag-deutschland","13":"tag-duisburg","14":"tag-fahrerin","15":"tag-germany","16":"tag-hinweise","17":"tag-kamp","18":"tag-nordrhein-westfalen","19":"tag-pestalozzistrasse","20":"tag-sucht","21":"tag-unfallflucht","22":"tag-wetterstrasse"},"share_on_mastodon":{"url":"https:\/\/pubeurope.com\/@de\/115418235106635984","error":""},"_links":{"self":[{"href":"https:\/\/www.europesays.com\/de\/wp-json\/wp\/v2\/posts\/518456","targetHints":{"allow":["GET"]}}],"collection":[{"href":"https:\/\/www.europesays.com\/de\/wp-json\/wp\/v2\/posts"}],"about":[{"href":"https:\/\/www.europesays.com\/de\/wp-json\/wp\/v2\/types\/post"}],"author":[{"embeddable":true,"href":"https:\/\/www.europesays.com\/de\/wp-json\/wp\/v2\/users\/2"}],"replies":[{"embeddable":true,"href":"https:\/\/www.europesays.com\/de\/wp-json\/wp\/v2\/comments?post=518456"}],"version-history":[{"count":0,"href":"https:\/\/www.europesays.com\/de\/wp-json\/wp\/v2\/posts\/518456\/revisions"}],"wp:featuredmedia":[{"embeddable":true,"href":"https:\/\/www.europesays.com\/de\/wp-json\/wp\/v2\/media\/518457"}],"wp:attachment":[{"href":"https:\/\/www.europesays.com\/de\/wp-json\/wp\/v2\/media?parent=518456"}],"wp:term":[{"taxonomy":"category","embeddable":true,"href":"https:\/\/www.europesays.com\/de\/wp-json\/wp\/v2\/categories?post=518456"},{"taxonomy":"post_tag","embeddable":true,"href":"https:\/\/www.europesays.com\/de\/wp-json\/wp\/v2\/tags?post=518456"}],"curies":[{"name":"wp","href":"https:\/\/api.w.org\/{rel}","templated":true}]}}