{"id":518479,"date":"2025-10-22T14:26:11","date_gmt":"2025-10-22T14:26:11","guid":{"rendered":"https:\/\/www.europesays.com\/de\/518479\/"},"modified":"2025-10-22T14:26:11","modified_gmt":"2025-10-22T14:26:11","slug":"kraniche-ueber-dortmund-leser-zeigen-beeindruckende-fotos","status":"publish","type":"post","link":"https:\/\/www.europesays.com\/de\/518479\/","title":{"rendered":"Kraniche \u00fcber Dortmund: Leser zeigen beeindruckende Fotos"},"content":{"rendered":"<p>\t\tKraniche \u00fcber Dortmund<br \/>\n\t\t\t\t\tLeser zeigen das Herbstschauspiel am Himmel<\/p>\n<p>    <a href=\"https:\/\/www.ruhrnachrichten.de\/wp-content\/uploads\/2025\/10\/22\/14\/630_0900_5207664_-1622x824.jpg\" target=\"_blank\" rel=\"noopener\"><\/p>\n<p>            <img loading=\"lazy\" decoding=\"async\" src=\"https:\/\/www.europesays.com\/de\/wp-content\/uploads\/2025\/10\/630_0900_5207680_-632x428.jpg\" width=\"632\" height=\"428\"  alt=\"\"\/><\/p>\n<p>    <\/a><br \/>\n    Kraniche ziehen \u00fcber Dortmund in den S\u00fcden \u2013 unsere Leser haben das Naturschauspiel am Himmel festgehalten. \u00a9 Rainer Mack<\/p>\n<p class=\"article__teaser-text\">Kraniche ziehen \u00fcber Dortmund in den S\u00fcden \u2013 unsere Leser haben das Naturschauspiel am Himmel festgehalten.<\/p>\n<p>1 Min Lesezeit<\/p>\n","protected":false},"excerpt":{"rendered":"Kraniche \u00fcber Dortmund Leser zeigen das Herbstschauspiel am Himmel Kraniche ziehen \u00fcber Dortmund in den S\u00fcden \u2013 unsere&hellip;\n","protected":false},"author":2,"featured_media":518480,"comment_status":"","ping_status":"","sticky":false,"template":"","format":"standard","meta":{"footnotes":""},"categories":[1833],"tags":[3364,29,217,30,6237,1209,13311],"class_list":{"0":"post-518479","1":"post","2":"type-post","3":"status-publish","4":"format-standard","5":"has-post-thumbnail","7":"category-dortmund","8":"tag-de","9":"tag-deutschland","10":"tag-dortmund","11":"tag-germany","12":"tag-natur","13":"tag-nordrhein-westfalen","14":"tag-tiere-hobby"},"share_on_mastodon":{"url":"https:\/\/pubeurope.com\/@de\/115418286384211368","error":""},"_links":{"self":[{"href":"https:\/\/www.europesays.com\/de\/wp-json\/wp\/v2\/posts\/518479","targetHints":{"allow":["GET"]}}],"collection":[{"href":"https:\/\/www.europesays.com\/de\/wp-json\/wp\/v2\/posts"}],"about":[{"href":"https:\/\/www.europesays.com\/de\/wp-json\/wp\/v2\/types\/post"}],"author":[{"embeddable":true,"href":"https:\/\/www.europesays.com\/de\/wp-json\/wp\/v2\/users\/2"}],"replies":[{"embeddable":true,"href":"https:\/\/www.europesays.com\/de\/wp-json\/wp\/v2\/comments?post=518479"}],"version-history":[{"count":0,"href":"https:\/\/www.europesays.com\/de\/wp-json\/wp\/v2\/posts\/518479\/revisions"}],"wp:featuredmedia":[{"embeddable":true,"href":"https:\/\/www.europesays.com\/de\/wp-json\/wp\/v2\/media\/518480"}],"wp:attachment":[{"href":"https:\/\/www.europesays.com\/de\/wp-json\/wp\/v2\/media?parent=518479"}],"wp:term":[{"taxonomy":"category","embeddable":true,"href":"https:\/\/www.europesays.com\/de\/wp-json\/wp\/v2\/categories?post=518479"},{"taxonomy":"post_tag","embeddable":true,"href":"https:\/\/www.europesays.com\/de\/wp-json\/wp\/v2\/tags?post=518479"}],"curies":[{"name":"wp","href":"https:\/\/api.w.org\/{rel}","templated":true}]}}