{"id":518483,"date":"2025-10-22T14:28:14","date_gmt":"2025-10-22T14:28:14","guid":{"rendered":"https:\/\/www.europesays.com\/de\/518483\/"},"modified":"2025-10-22T14:28:14","modified_gmt":"2025-10-22T14:28:14","slug":"rechtsanwalts-titel-missbraucht-ex-stadtrat-juergen-kasek-wieder-auf-der-anklagebank-%c2%b7-leipziger-zeitung","status":"publish","type":"post","link":"https:\/\/www.europesays.com\/de\/518483\/","title":{"rendered":"Rechtsanwalts-Titel missbraucht? Ex-Stadtrat J\u00fcrgen Kasek wieder auf der Anklagebank \u00b7 Leipziger Zeitung"},"content":{"rendered":"<p>Ende Juni war er wegen \u00fcbler Nachrede verurteilt worden, nun muss er sich erneut am Amtsgericht verantworten, sogar bei derselben Richterin. Worum es diesmal geht: Der Aktivist, Gr\u00fcnen-Politiker und Ex-Stadtrat J\u00fcrgen Kasek soll sich unter anderem des Missbrauchs von Titeln und Berufsbezeichnungen schuldig gemacht haben, indem er 2022 trotz verlorener Zulassung weiter als vermeintlicher Rechtsanwalt aufgetreten sei.<\/p>\n<p>Es geht um insgesamt 42 F\u00e4lle unter anderem von missbr\u00e4uchlicher Berufsbezeichnung, Betrug, Betrugsversuch und Untreue: Seit Mittwoch, dem 22. Oktober, steht J\u00fcrgen Kasek zum zweiten Mal in diesem Jahr vor dem Leipziger Amtsgericht. Der als streitbar und \u00f6ffentlich pr\u00e4sent bekannte Gr\u00fcnen-Politiker, der bis 2024 auch f\u00fcr seine Partei im Stadtrat sa\u00df, soll vor etwa drei Jahren wiederholt als Anwalt t\u00e4tig gewesen sein und F\u00e4lle \u00fcbernommen haben, obwohl er zu dieser Zeit keine Zulassung mehr besa\u00df.<img decoding=\"async\" src=\"https:\/\/www.europesays.com\/de\/wp-content\/uploads\/2025\/10\/45f5273982324aa8a3e59fd3e1607649.gif\" alt=\"\" width=\"https:\/\/www.l-iz.de\/leben\/faelle-unfaelle\/2025\/10\/1\" height=\"https:\/\/www.l-iz.de\/leben\/faelle-unfaelle\/2025\/10\/1\"\/><\/p>\n<p>Anwaltszulassung wurde Kasek im Juli 2022 entzogen<\/p>\n<p>Diese war dem studierten Volljuristen, seit M\u00e4rz 2009 bei der Rechtsanwaltskammer Sachsen gelistet, nach einem 2021 begonnenen und verlorenen Rechtsstreit ab 19. Juli 2022 entzogen worden \u2013 nach seiner Angabe aufgrund von Zoff \u00fcber Beitr\u00e4ge zum Rechtsanwaltsversorgungswerk. Die Kammer selbst hatte sich unter Verweis auf den Datenschutz damals nicht \u00fcber die Hintergr\u00fcnde im Fall Kasek ge\u00e4u\u00dfert.<\/p>\n<p>Nichtsdestotrotz sei der heute 44-J\u00e4hrige auch nach dem 19. Juli 2022 immer wieder als vermeintlich zugelassener Anwalt aufgetreten: So jedenfalls listete es Staatsanwalt Manuel Rothe in seiner l\u00e4ngeren Anklageschrift am Mittwoch auf. Trifft diese zu, so hat sich Kasek nicht nur bis mindestens 26. August 2022 auf X (ehemals: Twitter) f\u00e4lschlich als Rechtsanwalt bezeichnet, sondern \u00fcber Monate auch weiter das normale Tagesgesch\u00e4ft eines solchen betrieben.<\/p>\n<p>Anwaltsgesch\u00e4ft laut Anklage weiter betrieben<\/p>\n<p>Hei\u00dft: In einer Vielzahl von F\u00e4llen habe Kasek Akteneinsicht beantragt, mit Polizei, Bu\u00dfgeldstelle und Gerichten kommuniziert, Telefonate gef\u00fchrt, E-Mails und Schriftst\u00fccke mit entsprechender Signatur versandt, ein Gespr\u00e4ch mit einem potenziellen Mandanten gehabt. Oft ging es um F\u00e4lle des Strafrechts, in denen Kasek, meist am Amtsgericht oder Landgericht Leipzig, als Verteidiger von Tatverd\u00e4chtigen auftrat.<\/p>\n<p>Aktenkundig sind aber auch verwaltungs- und zivilrechtliche Streitigkeiten, etwa vor dem Leipziger Arbeitsgericht, bei denen sich Kasek f\u00fcr eine Partei einsetzte. Einige der benannten Verfahren fanden au\u00dferhalb statt, so am Amtsgericht F\u00fcrth, dem Sozialgericht Halle\/Saale oder dem Oberlandesgericht Th\u00fcringen in Jena. In einem Leipziger Fall soll Kasek f\u00fcr eine Anw\u00e4ltin, die ihren Gerichtstermin nicht wahrnehmen konnte, auf deren Anfrage eingesprungen sein.<\/p>\n<p>Kasek entscheidet sich vorerst zum Schweigen<\/p>\n<p>Es seien laut Anklagevertreter auch mehrfach widerrechtlich Geldsummen, \u00fcberwiegend dreistellig, f\u00fcr die T\u00e4tigkeit geflossen, die Kasek abgerechnet habe. In einem Fall soll er sich der Hilfe eines Anwalts bedient haben, welcher eine Zahlung im Namen Kaseks eingefordert haben soll, obwohl er mutma\u00dflich wusste, dass Kasek nicht mehr als Anwalt zugelassen war. Der Mann wird durch die Anklagebeh\u00f6rde gesondert verfolgt.<\/p>\n<p>Kasek selbst erkl\u00e4rte am Mittwoch zum Prozessauftakt \u00fcber seine Anw\u00e4ltin Rita Belter, sich vorerst nicht zur Sache zu \u00e4u\u00dfern. Vorangegangen war ein nicht-\u00f6ffentliches Rechtsgespr\u00e4ch zwischen Sch\u00f6ffengericht, Anklage und Verteidigung, in dem \u00fcber ein m\u00f6gliches Strafma\u00df aber keine Einigkeit erzielt wurde.<\/p>\n<p>Ende Juni wegen \u00fcbler Nachrede verurteilt<\/p>\n<p>Weniger schweigsam hatte sich Kasek noch Ende Mai gezeigt: Damals <a href=\"https:\/\/www.l-iz.de\/leben\/faelle-unfaelle\/2025\/05\/verleumdung-eines-staatsanwalts-bei-tag-x-demo-auf-twitter-ex-stadtrat-juergen-kasek-vor-gericht-624947\" target=\"_blank\" rel=\"noopener nofollow\">war er angeklagt<\/a>, weil er im Zusammenhang mit dem Demo-Geschehen vom \u201eTag X\u201c in Leipzig einen Staatsanwalt im Netz verleumdet haben soll. Nach einer <a href=\"https:\/\/www.l-iz.de\/leben\/faelle-unfaelle\/2025\/06\/vorwuerfe-gegen-juergen-kasek-im-verleumdungsprozess-sie-stellen-sich-dar-als-waeren-sie-das-absolute-opfer-625822\" target=\"_blank\" rel=\"noopener nofollow\">zuweilen turbulenten Gerichtsverhandlung<\/a>, in der Kasek sich vehement verteidigte, wurde der zweifache Vater Ende Juni zumindest <a href=\"https:\/\/www.l-iz.de\/leben\/faelle-unfaelle\/2025\/06\/ueble-nachrede-ex-stadtrat-juergen-kasek-wegen-tweets-ueber-staatsanwalt-verurteilt-628165\" target=\"_blank\" rel=\"noopener nofollow\">wegen \u00fcber Nachrede schuldig gesprochen<\/a>.<\/p>\n<p>Der jetzige Prozess beim Sch\u00f6ffengericht unter Vorsitz von Richterin Ute Fritsch wird am 29. Oktober fortgesetzt, dann sind erste Zeugenvernehmungen geplant. Insgesamt stehen aktuell vier weitere Termine bis 26. November auf dem Plan.<\/p>\n","protected":false},"excerpt":{"rendered":"Ende Juni war er wegen \u00fcbler Nachrede verurteilt worden, nun muss er sich erneut am Amtsgericht verantworten, sogar&hellip;\n","protected":false},"author":2,"featured_media":518484,"comment_status":"","ping_status":"","sticky":false,"template":"","format":"standard","meta":{"footnotes":""},"categories":[1832],"tags":[1601,3364,29,30,49764,71,25627,859],"class_list":{"0":"post-518483","1":"post","2":"type-post","3":"status-publish","4":"format-standard","5":"has-post-thumbnail","7":"category-leipzig","8":"tag-amtsgericht","9":"tag-de","10":"tag-deutschland","11":"tag-germany","12":"tag-juergen-kasek","13":"tag-leipzig","14":"tag-prozessbericht","15":"tag-sachsen"},"share_on_mastodon":{"url":"https:\/\/pubeurope.com\/@de\/115418294279814171","error":""},"_links":{"self":[{"href":"https:\/\/www.europesays.com\/de\/wp-json\/wp\/v2\/posts\/518483","targetHints":{"allow":["GET"]}}],"collection":[{"href":"https:\/\/www.europesays.com\/de\/wp-json\/wp\/v2\/posts"}],"about":[{"href":"https:\/\/www.europesays.com\/de\/wp-json\/wp\/v2\/types\/post"}],"author":[{"embeddable":true,"href":"https:\/\/www.europesays.com\/de\/wp-json\/wp\/v2\/users\/2"}],"replies":[{"embeddable":true,"href":"https:\/\/www.europesays.com\/de\/wp-json\/wp\/v2\/comments?post=518483"}],"version-history":[{"count":0,"href":"https:\/\/www.europesays.com\/de\/wp-json\/wp\/v2\/posts\/518483\/revisions"}],"wp:featuredmedia":[{"embeddable":true,"href":"https:\/\/www.europesays.com\/de\/wp-json\/wp\/v2\/media\/518484"}],"wp:attachment":[{"href":"https:\/\/www.europesays.com\/de\/wp-json\/wp\/v2\/media?parent=518483"}],"wp:term":[{"taxonomy":"category","embeddable":true,"href":"https:\/\/www.europesays.com\/de\/wp-json\/wp\/v2\/categories?post=518483"},{"taxonomy":"post_tag","embeddable":true,"href":"https:\/\/www.europesays.com\/de\/wp-json\/wp\/v2\/tags?post=518483"}],"curies":[{"name":"wp","href":"https:\/\/api.w.org\/{rel}","templated":true}]}}