{"id":518502,"date":"2025-10-22T14:39:12","date_gmt":"2025-10-22T14:39:12","guid":{"rendered":"https:\/\/www.europesays.com\/de\/518502\/"},"modified":"2025-10-22T14:39:12","modified_gmt":"2025-10-22T14:39:12","slug":"todesdrohung-gegen-juedischen-muenchner-hochschul-professor-guy-katz-muenchen","status":"publish","type":"post","link":"https:\/\/www.europesays.com\/de\/518502\/","title":{"rendered":"Todesdrohung gegen j\u00fcdischen M\u00fcnchner Hochschul-Professor Guy Katz &#8211; M\u00fcnchen"},"content":{"rendered":"<p data-manual=\"paragraph\" data-schema-org-speakable=\"true\" class=\"css-1eosz7k\"><a href=\"https:\/\/www.sueddeutsche.de\/muenchen\/muenchen-judenhass-volksverhetzung-staatsschutz-ermittlungen-li.3323843\" target=\"_blank\" rel=\"noopener\">\u201eAb ins Gas mit euch!\u201c<\/a> Mit solchen Beschimpfungen w\u00fcrden J\u00fcdinnen und Juden wieder konfrontiert, hatte Guy Katz vor zwei Wochen bei einer von ihm organisierten Kundgebung gegen <a href=\"https:\/\/www.sueddeutsche.de\/thema\/Antisemitismus\" target=\"_blank\" rel=\"noopener\">Antisemitismus<\/a> auf dem M\u00fcnchner K\u00f6nigsplatz gesagt. Jetzt ist der Hochschullehrer selbst mit dem Tod bedroht worden.<\/p>\n<p data-manual=\"paragraph\" data-schema-org-speakable=\"true\" class=\"css-1eosz7k\">Ein User droht, dass er Katz t\u00f6ten und \u201ewie ein Schlachttier in St\u00fccke schneiden\u201c werde. Unterzeichnet ist die Drohung mit roten Dreiecken. Dieses Symbol benutzen die Terrororganisation Hamas und deren Sympathisanten als Feindmarkierung und zur Einsch\u00fcchterung. Der Account, von dem aus Katz bedroht wird, l\u00e4sst sich bis nach \u00c4gypten verfolgen. Die M\u00fcnchner Generalstaatsanwaltschaft ermittelt.<\/p>\n<p data-manual=\"paragraph\" data-schema-org-speakable=\"true\" class=\"css-1eosz7k\">Parallel dazu sieht Katz sich einer gegen ihn gerichteten Kampagne in den sozialen Netzwerken ausgesetzt. Die vom Verfassungsschutz beobachtete Gruppierung \u201e<a href=\"https:\/\/www.sueddeutsche.de\/thema\/Pal%C3%A4stina\" target=\"_blank\" rel=\"noopener\">Pal\u00e4stina<\/a> spricht <a href=\"https:\/\/www.sueddeutsche.de\/thema\/M%C3%BCnchen\" target=\"_blank\" rel=\"noopener\">M\u00fcnchen<\/a>\u201c, die f\u00fcr Mittwochabend gegen einen Frieden \u201eon stolen land\u201c mobilisierte, ver\u00f6ffentlichte auf Instagram einen Post (\u201eGuy Katz entlarvt\u201c), in dem der in <a href=\"https:\/\/www.sueddeutsche.de\/thema\/Israel\" target=\"_blank\" rel=\"noopener\">Israel<\/a> aufgewachsene M\u00fcnchner als Drahtzieher eines Netzwerks dargestellt wird, der seine Lehrt\u00e4tigkeit an der Hochschule missbrauche, um der israelischen Armee zuzuarbeiten.<\/p>\n<p data-manual=\"paragraph\" data-schema-org-speakable=\"true\" class=\"css-1eosz7k\">Auch dieser Post wird derzeit bei der Generalstaatsanwaltschaft juristisch gepr\u00fcft. Seit Mittwochnachmittag ist er in Deutschland nicht mehr aufrufbar. \u201eWir haben einen gesetzlich begr\u00fcndeten Antrag auf Einschr\u00e4nkung dieses Inhalts erhalten\u201c, teilt Instagram mit. \u201eNach der \u00dcberpr\u00fcfung haben wir den Zugriff auf den Inhalt in den Regionen eingeschr\u00e4nkt, in denen er gegen die lokale Gesetzgebung verst\u00f6\u00dft.\u201c<\/p>\n<p data-manual=\"paragraph\" data-schema-org-speakable=\"true\" class=\"css-1eosz7k\">Doch die Stimmungsmache gegen den Hochschullehrer hat l\u00e4ngst ihr Publikum gefunden. Unter thematisch v\u00f6llig anders ausgerichteten Ver\u00f6ffentlichungen seiner Hochschule tauchen Kommentare auf, in denen wieder und wieder Katz\u2019 Entlassung gefordert wird. In anderen Posts wird der Enkel von vier \u00dcberlebenden der Schoah als \u201eZionazi\u201c und <a href=\"https:\/\/www.facebook.com\/share\/v\/16QiKfRSSA\/\" target=\"_blank\" rel=\"noopener\">\u201egenocidal nazi maniac\u201c<\/a> verunglimpft.<\/p>\n<p data-manual=\"paragraph\" data-schema-org-speakable=\"true\" class=\"css-1eosz7k\">Katz, der in M\u00fcnchen <a href=\"https:\/\/www.sueddeutsche.de\/muenchen\/muenchen-synagoge-geisel-freilassung-hamas-li.3325544\" target=\"_blank\" rel=\"noopener\">die w\u00f6chentlichen M\u00e4rsche zur Erinnerung an die israelischen Hamas-Geiseln (\u201eRun for their lives\u201c) initiiert<\/a> und zuletzt bereits 40 000 Unterschriften f\u00fcr eine Petition zur Umsetzung eines F\u00fcnf-Punkte-Plans gegen Antisemitismus gesammelt hat, sieht einen klaren Zusammenhang zwischen seiner \u00f6ffentlichen Pr\u00e4senz und der aktuellen Kampagne gegen seine Person. Mehr als hundert antisemitische Nachrichten habe er in den vergangenen Monaten erhalten. Sie reichen laut Katz von judenfeindlichen Beschimpfungen bis zur offenen Drohung.<\/p>\n<p data-manual=\"paragraph\" data-schema-org-speakable=\"true\" class=\"css-1eosz7k\">Er sieht auch, dass die Gef\u00e4hrdung f\u00fcr ihn pers\u00f6nlich gestiegen ist \u2013 zur\u00fcckfahren will er sein Engagement gleichwohl nicht. \u201eDie Inhalte, die \u00fcber mich verbreitet werden, greifen auf klassische antisemitische Weltverschw\u00f6rungsmythen zur\u00fcck\u201c, so Katz. Sie zeigten, wie tief der Hass auf J\u00fcdinnen und Juden in Teilen der Gesellschaft wieder verankert sei.<\/p>\n<p data-manual=\"paragraph\" data-schema-org-speakable=\"true\" class=\"css-1eosz7k\">Am Mittwoch stellte sich neben zahlreichen Einzelpersonen und Gruppierungen auch der Beauftragte der bayerischen Staatsregierung gegen Antisemitismus, der M\u00fcnchner CSU-Politiker Ludwig Spaenle, an Katz\u2019 Seite. Die Kommentare gegen den Professor machten deutlich, \u201edass der Hass gegen Menschen j\u00fcdischen Glaubens auch nach der Befreiung der Geiseln und dem Waffenstillstand nicht beendet sind, sondern anhalten. Wir k\u00f6nnen das nicht tolerieren.\u201c<\/p>\n","protected":false},"excerpt":{"rendered":"\u201eAb ins Gas mit euch!\u201c Mit solchen Beschimpfungen w\u00fcrden J\u00fcdinnen und Juden wieder konfrontiert, hatte Guy Katz vor&hellip;\n","protected":false},"author":2,"featured_media":518503,"comment_status":"","ping_status":"","sticky":false,"template":"","format":"standard","meta":{"footnotes":""},"categories":[1827],"tags":[120950,712,772,29,5680,30,92874,13926,25390,84306,411,3311,1268,6000,2548,149],"class_list":{"0":"post-518502","1":"post","2":"type-post","3":"status-publish","4":"format-standard","5":"has-post-thumbnail","7":"category-muenchen","8":"tag-7-oktober-2023-hamas-angriff-auf-israel","9":"tag-antisemitismus","10":"tag-bayern","11":"tag-deutschland","12":"tag-digital","13":"tag-germany","14":"tag-hass-und-hetze-im-netz","15":"tag-hasskommentare","16":"tag-hochschule-in-muenchen","17":"tag-hochschulen-in-muenchen","18":"tag-israel","19":"tag-leben-und-gesellschaft-in-muenchen","20":"tag-muenchen","21":"tag-nahost","22":"tag-palaestina","23":"tag-sueddeutsche-zeitung"},"share_on_mastodon":{"url":"https:\/\/pubeurope.com\/@de\/115418337461730598","error":""},"_links":{"self":[{"href":"https:\/\/www.europesays.com\/de\/wp-json\/wp\/v2\/posts\/518502","targetHints":{"allow":["GET"]}}],"collection":[{"href":"https:\/\/www.europesays.com\/de\/wp-json\/wp\/v2\/posts"}],"about":[{"href":"https:\/\/www.europesays.com\/de\/wp-json\/wp\/v2\/types\/post"}],"author":[{"embeddable":true,"href":"https:\/\/www.europesays.com\/de\/wp-json\/wp\/v2\/users\/2"}],"replies":[{"embeddable":true,"href":"https:\/\/www.europesays.com\/de\/wp-json\/wp\/v2\/comments?post=518502"}],"version-history":[{"count":0,"href":"https:\/\/www.europesays.com\/de\/wp-json\/wp\/v2\/posts\/518502\/revisions"}],"wp:featuredmedia":[{"embeddable":true,"href":"https:\/\/www.europesays.com\/de\/wp-json\/wp\/v2\/media\/518503"}],"wp:attachment":[{"href":"https:\/\/www.europesays.com\/de\/wp-json\/wp\/v2\/media?parent=518502"}],"wp:term":[{"taxonomy":"category","embeddable":true,"href":"https:\/\/www.europesays.com\/de\/wp-json\/wp\/v2\/categories?post=518502"},{"taxonomy":"post_tag","embeddable":true,"href":"https:\/\/www.europesays.com\/de\/wp-json\/wp\/v2\/tags?post=518502"}],"curies":[{"name":"wp","href":"https:\/\/api.w.org\/{rel}","templated":true}]}}