{"id":518506,"date":"2025-10-22T14:41:22","date_gmt":"2025-10-22T14:41:22","guid":{"rendered":"https:\/\/www.europesays.com\/de\/518506\/"},"modified":"2025-10-22T14:41:22","modified_gmt":"2025-10-22T14:41:22","slug":"mann-ertrinkt-in-badewanne-verfahren-gegen-pflegerin-eingestellt","status":"publish","type":"post","link":"https:\/\/www.europesays.com\/de\/518506\/","title":{"rendered":"Mann ertrinkt in Badewanne: Verfahren gegen Pflegerin eingestellt"},"content":{"rendered":"<p>        <img decoding=\"async\" src=\"https:\/\/www.europesays.com\/de\/wp-content\/uploads\/2025\/10\/prozess-338.webp\" alt=\"Die Angeklagte mit ihrem Anwalt im Strafjustizgeb\u00e4ude.\" title=\"Die Angeklagte mit ihrem Anwalt im Strafjustizgeb\u00e4ude. | Marcus Golejewski\/dpa \" class=\"responsive\"\/><\/p>\n<p>AUDIO: Tod in Badewanne &#8211; Verfahren gegen Pflegerin eingestellt (1 Min)<\/p>\n<p>\n            Stand: 22.10.2025 15:58 Uhr<\/p>\n<p class=\"preface\">Nach dem Tod eines Pflegeheim-Bewohners in Hamburg-Langenhorn musste sich eine 29-j\u00e4hrige Pflegerin wegen fahrl\u00e4ssiger T\u00f6tung vor Gericht verantworten. Am Mittwoch ist das Verfahren gegen sie eingestellt worden.  <\/p>\n<p class=\"\">Die Frau hatte den geistig und k\u00f6rperlich beeintr\u00e4chtigten Heimbewohner laut Anklage im Oktober 2021 mehrere Minuten in einer gef\u00fcllten Badewanne unbeaufsichtigt gelassen, um einer anderen Frau zu helfen. W\u00e4hrend dieser Zeit soll der Mann vom Badewannenstuhl gerutscht und ertrunken sein. Am Mittwoch wurde das Verfahren gegen die Frau am Amtsgericht Hamburg vorl\u00e4ufig eingestellt. Zuvor hatten sich die Prozessbeteiligten darauf geeinigt, dass die Angeklagte quasi als Schmerzensgeld 1.000 Euro an den Bruder des Toten zahlt, wie die Amtsrichterin mitteilte.<\/p>\n<p>    Angeklagte steckte in &#8222;Dilemma&#8220;<\/p>\n<p class=\"\">Der Verteidiger stimmte der Zahlung im Namen seiner Mandantin &#8222;aus reinem Erledigungsinteresse&#8220; zu, wie es hie\u00df. &#8222;Meine Mandantin war damals \u00fcberfordert und steckte in einem Dilemma&#8220;, erkl\u00e4rt der Verteidiger nach Informationen von NDR 90,3. \u00dcberfordert sei die 29-J\u00e4hrige gewesen, weil sie alleine in dem Pflegeheim gewesen sei, in dem normalerweise zwei Pflegefachkr\u00e4fte Dienst haben. In dieser Situation wurde sie zu einem Notfall gerufen, w\u00e4hrend das sp\u00e4tere Opfer in der Badewanne sa\u00df. Demnach hatte eine andere Heimbewohnerin zu dieser Zeit einen lebensbedrohlichen epileptischen Anfall erlitten.<\/p>\n<p>    Zu wenig Personal in Pflegeheim?<\/p>\n<p class=\"\">Die Angeklagte hatte den Mann nach eigenen Angaben bereits viele Male gebadet, ohne dass es dabei zu Schwierigkeiten gekommen war. Sie habe es f\u00fcr vertretbar gehalten, ihn kurz unbeaufsichtigt zu lassen, um der anderen Bewohnerin zu helfen, erkl\u00e4rte ihr Verteidiger weiter. &#8222;Es gab keine Alternative, als der Frau zu helfen&#8220;, sagte er. Als die 29-j\u00e4hrige Pflegerin kurz darauf den leblosen Mann in der Badewanne entdeckte, sei niemand da gewesen, der ihr bei der Wiederbelebung habe helfen k\u00f6nnen.<\/p>\n<p class=\"\">Um den Sachverhalt vollst\u00e4ndig aufkl\u00e4ren zu k\u00f6nnen, h\u00e4tte das Gericht mehr Zeit und weitere Ermittlungen ben\u00f6tigt, sagte die Richterin. Denn m\u00f6glicherweise habe auch der Personalschl\u00fcssel der Einrichtung bei dem Vorfall eine Rolle gespielt.<\/p>\n","protected":false},"excerpt":{"rendered":"AUDIO: Tod in Badewanne &#8211; Verfahren gegen Pflegerin eingestellt (1 Min) Stand: 22.10.2025 15:58 Uhr Nach dem Tod&hellip;\n","protected":false},"author":2,"featured_media":518507,"comment_status":"","ping_status":"","sticky":false,"template":"","format":"standard","meta":{"footnotes":""},"categories":[1826],"tags":[67257,1601,16279,29,30,692,45565,1269,16476],"class_list":{"0":"post-518506","1":"post","2":"type-post","3":"status-publish","4":"format-standard","5":"has-post-thumbnail","7":"category-hamburg","8":"tag-pflegeeinrichtung","9":"tag-amtsgericht","10":"tag-badewanne","11":"tag-deutschland","12":"tag-germany","13":"tag-hamburg","14":"tag-pflegerin","15":"tag-prozess","16":"tag-verfahren"},"share_on_mastodon":{"url":"https:\/\/pubeurope.com\/@de\/115418345279599209","error":""},"_links":{"self":[{"href":"https:\/\/www.europesays.com\/de\/wp-json\/wp\/v2\/posts\/518506","targetHints":{"allow":["GET"]}}],"collection":[{"href":"https:\/\/www.europesays.com\/de\/wp-json\/wp\/v2\/posts"}],"about":[{"href":"https:\/\/www.europesays.com\/de\/wp-json\/wp\/v2\/types\/post"}],"author":[{"embeddable":true,"href":"https:\/\/www.europesays.com\/de\/wp-json\/wp\/v2\/users\/2"}],"replies":[{"embeddable":true,"href":"https:\/\/www.europesays.com\/de\/wp-json\/wp\/v2\/comments?post=518506"}],"version-history":[{"count":0,"href":"https:\/\/www.europesays.com\/de\/wp-json\/wp\/v2\/posts\/518506\/revisions"}],"wp:featuredmedia":[{"embeddable":true,"href":"https:\/\/www.europesays.com\/de\/wp-json\/wp\/v2\/media\/518507"}],"wp:attachment":[{"href":"https:\/\/www.europesays.com\/de\/wp-json\/wp\/v2\/media?parent=518506"}],"wp:term":[{"taxonomy":"category","embeddable":true,"href":"https:\/\/www.europesays.com\/de\/wp-json\/wp\/v2\/categories?post=518506"},{"taxonomy":"post_tag","embeddable":true,"href":"https:\/\/www.europesays.com\/de\/wp-json\/wp\/v2\/tags?post=518506"}],"curies":[{"name":"wp","href":"https:\/\/api.w.org\/{rel}","templated":true}]}}