{"id":518579,"date":"2025-10-22T15:20:13","date_gmt":"2025-10-22T15:20:13","guid":{"rendered":"https:\/\/www.europesays.com\/de\/518579\/"},"modified":"2025-10-22T15:20:13","modified_gmt":"2025-10-22T15:20:13","slug":"bochum-und-andere-kommunen-kaempfen-gegen-rekord-defizit","status":"publish","type":"post","link":"https:\/\/www.europesays.com\/de\/518579\/","title":{"rendered":"Bochum und andere Kommunen k\u00e4mpfen gegen Rekord-Defizit"},"content":{"rendered":"<p class=\"small date article__date\">Ver\u00f6ffentlicht:\u00a0Mittwoch, 22.10.2025 16:58<\/p>\n<p>Kommunen aus ganz Deutschland, darunter Bochum, fordern Unterst\u00fctzung vom Bund, um das Rekord-Defizit von 19,7 Milliarden Euro zu bew\u00e4ltigen. Das Aktionsb\u00fcndnis \u201eF\u00fcr die W\u00fcrde unserer Stadt\u201c fordert vom Bund mehr Unterst\u00fctzung bei Altschulden und Sozialausgaben.\u00a0<\/p>\n<p><img decoding=\"async\" alt=\"\" src=\"https:\/\/www.europesays.com\/de\/wp-content\/uploads\/2025\/10\/adobestock_27243207.jpeg&#038;crop=0x156x4775x2984&#038;resize=1280x799&#038;dt=202002241401230.jpeg\" data-size=\"1280x799\"\/>\u00a9 stockpics &#8211; stock.adobe.comRekord-Defizit der Kommunen: Forderungen an den Bund<\/p>\n<p>Im ersten Halbjahr 2025 haben die deutschen Kommunen laut Statistischem Bundesamt 19,7 Milliarden Euro mehr ausgegeben, als sie eingenommen haben. Um dieser finanziellen Krise entgegenzuwirken, hat sich das Aktionsb\u00fcndnis \u201eF\u00fcr die W\u00fcrde unserer Stadt\u201c gebildet. Auch Bochum und 73 weitere Kommunen, darunter alle Nachbarst\u00e4dte unserer Stadt, sind Teil des B\u00fcndnisses. <\/p>\n<p>Forderungen zur Ministerpr\u00e4sidentenkonferenz<\/p>\n<p>Zum Start der Ministerpr\u00e4sidentenkonferenz (22. &#8211; 24. Oktober) fordert das B\u00fcndnis vom Bund, sich st\u00e4rker an der Altschuldenregelung und den Sozialausgaben zu beteiligen. Ziel ist es, die finanzielle Belastung der Kommunen zu reduzieren und eine nachhaltige L\u00f6sung f\u00fcr die Schuldenproblematik zu finden.<\/p>\n","protected":false},"excerpt":{"rendered":"Ver\u00f6ffentlicht:\u00a0Mittwoch, 22.10.2025 16:58 Kommunen aus ganz Deutschland, darunter Bochum, fordern Unterst\u00fctzung vom Bund, um das Rekord-Defizit von 19,7&hellip;\n","protected":false},"author":2,"featured_media":518580,"comment_status":"","ping_status":"","sticky":false,"template":"","format":"standard","meta":{"footnotes":""},"categories":[1839],"tags":[7507,3364,29,1721,30,1236,1209,1620],"class_list":{"0":"post-518579","1":"post","2":"type-post","3":"status-publish","4":"format-standard","5":"has-post-thumbnail","7":"category-bochum","8":"tag-bochum","9":"tag-de","10":"tag-deutschland","11":"tag-finanzen","12":"tag-germany","13":"tag-kommunen","14":"tag-nordrhein-westfalen","15":"tag-schulden"},"share_on_mastodon":{"url":"https:\/\/pubeurope.com\/@de\/115418499304515314","error":""},"_links":{"self":[{"href":"https:\/\/www.europesays.com\/de\/wp-json\/wp\/v2\/posts\/518579","targetHints":{"allow":["GET"]}}],"collection":[{"href":"https:\/\/www.europesays.com\/de\/wp-json\/wp\/v2\/posts"}],"about":[{"href":"https:\/\/www.europesays.com\/de\/wp-json\/wp\/v2\/types\/post"}],"author":[{"embeddable":true,"href":"https:\/\/www.europesays.com\/de\/wp-json\/wp\/v2\/users\/2"}],"replies":[{"embeddable":true,"href":"https:\/\/www.europesays.com\/de\/wp-json\/wp\/v2\/comments?post=518579"}],"version-history":[{"count":0,"href":"https:\/\/www.europesays.com\/de\/wp-json\/wp\/v2\/posts\/518579\/revisions"}],"wp:featuredmedia":[{"embeddable":true,"href":"https:\/\/www.europesays.com\/de\/wp-json\/wp\/v2\/media\/518580"}],"wp:attachment":[{"href":"https:\/\/www.europesays.com\/de\/wp-json\/wp\/v2\/media?parent=518579"}],"wp:term":[{"taxonomy":"category","embeddable":true,"href":"https:\/\/www.europesays.com\/de\/wp-json\/wp\/v2\/categories?post=518579"},{"taxonomy":"post_tag","embeddable":true,"href":"https:\/\/www.europesays.com\/de\/wp-json\/wp\/v2\/tags?post=518579"}],"curies":[{"name":"wp","href":"https:\/\/api.w.org\/{rel}","templated":true}]}}