{"id":51866,"date":"2025-04-22T10:28:11","date_gmt":"2025-04-22T10:28:11","guid":{"rendered":"https:\/\/www.europesays.com\/de\/51866\/"},"modified":"2025-04-22T10:28:11","modified_gmt":"2025-04-22T10:28:11","slug":"ueberraschender-transfer-ex-nationalspieler-in-liga-drei-volland-kehrt-zu-1860-zurueck","status":"publish","type":"post","link":"https:\/\/www.europesays.com\/de\/51866\/","title":{"rendered":"\u00dcberraschender Transfer: Ex-Nationalspieler in Liga drei &#8211; Volland kehrt zu 1860 zur\u00fcck"},"content":{"rendered":"<p class=\"metatextline\">Stand: 22.04.2025 09:18 Uhr<\/p>\n<p class=\"textabsatz columns twelve  m-ten  m-offset-one l-eight l-offset-two\">\n        <strong>Kevin Volland wechselt im Sommer den Verein: Der fr\u00fchere Nationalspieler kehrt nach 13 Jahren von Union Berlin zu seinem Ausbildungsverein 1860 M\u00fcnchen zur\u00fcck.<\/strong>\n    <\/p>\n<p class=\"textabsatz m-ten m-offset-one l-eight l-offset-two columns twelve\">\nAm Ostermontag verk\u00fcndete TSV 1860 M\u00fcnchen den Transfer-Hammer. Kevin Volland, Ex-Nationalspieler und L\u00f6wen-Eigengew\u00e4chs, kehrt nach Giesing zur\u00fcck. Der 32-J\u00e4hrige wechselt im Sommer vom Bundesligisten Union Berlin und unterschreibt bis 2027 bei den Sechzgern. Dies teilten beide Klubs am Montag mit. Demnach habe sich Union Berlin mit Volland auf eine Vertragsaufl\u00f6sung zum 30. Juni verst\u00e4ndigt. Somit ist f\u00fcr Volland keine Abl\u00f6se n\u00f6tig.<\/p>\n<p>    F\u00fcr Volland &#8222;schlie\u00dft sich ein Kreis&#8220;<\/p>\n<p class=\"textabsatz m-ten m-offset-one l-eight l-offset-two columns twelve\">\n&#8222;F\u00fcr mich schlie\u00dft sich mit der R\u00fcckkehr an die Gr\u00fcnwalder Stra\u00dfe ein Kreis&#8220;, sagte Volland in der L\u00f6wen-Mitteilung: &#8222;Ich bin damals aus Thannhausen nach M\u00fcnchen gewechselt und habe nach der Zeit im Nachwuchs beim TSV 1860 die Chance bekommen, in den Profifu\u00dfball einzusteigen. Ich freue mich, dieses Vertrauen in mich nun zur\u00fcckzahlen zu k\u00f6nnen und voller Freude bei meinem Herzensverein noch einmal alles zu geben.&#8220;<\/p>\n<p>    Von 1860 ins DFB-Team<\/p>\n<p class=\"textabsatz m-ten m-offset-one l-eight l-offset-two columns twelve\">\n2007 wurde der damals 18 Jahre alte Angreifer von Trainer Reiner Maurer im Zweitligaspiel beim FC Augsburg eingewechselt und feierte sein Deb\u00fct im blau-wei\u00dfen Trikot. Insgesamt spielte er 60 Mal in der 2. Bundesliga und im DFB-Pokal f\u00fcr die M\u00fcnchener, erzielte 20 Tore und 15 Assists.<\/p>\n<p class=\"textabsatz m-ten m-offset-one l-eight l-offset-two columns twelve\">\nNach seiner Zeit beim TSV 1860 M\u00fcnchen spielte der 15-malige A-Nationalspieler Deutschlands bei der TSG Hoffenheim, Bayer 04 Leverkusen, AS Monaco und Union Berlin. Volland kann auf 276 Bundesliga-Spiele, 86 Spiele der franz\u00f6sischen Ligue 1, 21 Spiele der Europa League und 17 Spiele der Champions League zur\u00fcckblicken.<\/p>\n<p class=\"textabsatz m-ten m-offset-one l-eight l-offset-two columns twelve\">\nZuletzt geriet Volland, auch verletzungsbedingt, bei Union Berlin aufs Abstellgleis. Bei den Eisernen kam der Rechtsfu\u00df auf 36 Eins\u00e4tze in zwei Jahren (f\u00fcnf Tore). Nun soll seine Karriere bei den L\u00f6wen wieder Fahrt aufnehmen \u2013 dort, wo sie einst angefangen hat.<\/p>\n<p class=\"textabsatz m-ten m-offset-one l-eight l-offset-two columns twelve\">\nDas ist die Europ\u00e4ische Perspektive bei BR24.<\/p>\n<p class=\"textabsatz m-ten m-offset-one l-eight l-offset-two columns twelve\">&#8222;Hier ist Bayern&#8220;: Der BR24 Newsletter informiert Sie immer montags bis freitags zum Feierabend \u00fcber das Wichtigste vom Tag auf einen Blick \u2013 kompakt und direkt in Ihrem privaten Postfach. Hier geht\u2019s zur Anmeldung!<\/p>\n<p>                                        <a class=\"backlink__link\" href=\"https:\/\/www.br.de\/nachrichten\/sport\/transfer-hammer-ex-nationalspieler-volland-kehrt-zu-1860-zurueck,UizJBJl\" target=\"_blank\" rel=\"noopener\"><\/p>\n<p>                                                <img loading=\"lazy\" decoding=\"async\" alt=\"Bayerischer Rundfunk\" src=\"https:\/\/www.europesays.com\/de\/wp-content\/uploads\/2025\/04\/lra-br-logo-100.svg.svg+xml\" height=\"40\" width=\"40\"\/><\/p>\n<p>                                        <\/a><\/p>\n","protected":false},"excerpt":{"rendered":"Stand: 22.04.2025 09:18 Uhr Kevin Volland wechselt im Sommer den Verein: Der fr\u00fchere Nationalspieler kehrt nach 13 Jahren&hellip;\n","protected":false},"author":2,"featured_media":51867,"comment_status":"","ping_status":"","sticky":false,"template":"","format":"standard","meta":{"footnotes":""},"categories":[136],"tags":[995,3204,29,30,24646,265,8811,7258],"class_list":{"0":"post-51866","1":"post","2":"type-post","3":"status-publish","4":"format-standard","5":"has-post-thumbnail","7":"category-sport","8":"tag-3-liga","9":"tag-br","10":"tag-deutschland","11":"tag-germany","12":"tag-kevin-volland","13":"tag-sport","14":"tag-tsv-1860-muenchen","15":"tag-union-berlin"},"share_on_mastodon":{"url":"https:\/\/pubeurope.com\/@de\/114381147580042994","error":""},"_links":{"self":[{"href":"https:\/\/www.europesays.com\/de\/wp-json\/wp\/v2\/posts\/51866","targetHints":{"allow":["GET"]}}],"collection":[{"href":"https:\/\/www.europesays.com\/de\/wp-json\/wp\/v2\/posts"}],"about":[{"href":"https:\/\/www.europesays.com\/de\/wp-json\/wp\/v2\/types\/post"}],"author":[{"embeddable":true,"href":"https:\/\/www.europesays.com\/de\/wp-json\/wp\/v2\/users\/2"}],"replies":[{"embeddable":true,"href":"https:\/\/www.europesays.com\/de\/wp-json\/wp\/v2\/comments?post=51866"}],"version-history":[{"count":0,"href":"https:\/\/www.europesays.com\/de\/wp-json\/wp\/v2\/posts\/51866\/revisions"}],"wp:featuredmedia":[{"embeddable":true,"href":"https:\/\/www.europesays.com\/de\/wp-json\/wp\/v2\/media\/51867"}],"wp:attachment":[{"href":"https:\/\/www.europesays.com\/de\/wp-json\/wp\/v2\/media?parent=51866"}],"wp:term":[{"taxonomy":"category","embeddable":true,"href":"https:\/\/www.europesays.com\/de\/wp-json\/wp\/v2\/categories?post=51866"},{"taxonomy":"post_tag","embeddable":true,"href":"https:\/\/www.europesays.com\/de\/wp-json\/wp\/v2\/tags?post=51866"}],"curies":[{"name":"wp","href":"https:\/\/api.w.org\/{rel}","templated":true}]}}