{"id":518678,"date":"2025-10-22T16:18:16","date_gmt":"2025-10-22T16:18:16","guid":{"rendered":"https:\/\/www.europesays.com\/de\/518678\/"},"modified":"2025-10-22T16:18:16","modified_gmt":"2025-10-22T16:18:16","slug":"der-tag-bushidos-familie-will-zurueck-nach-deutschland-aber-eine-stadt-ist-tabu","status":"publish","type":"post","link":"https:\/\/www.europesays.com\/de\/518678\/","title":{"rendered":"Der Tag: Bushidos Familie will zur\u00fcck nach Deutschland &#8211; aber eine Stadt ist tabu"},"content":{"rendered":"<p>                    Der Tag<br \/>\n                Bushidos Familie will zur\u00fcck nach Deutschland &#8211; aber eine Stadt ist tabu<\/p>\n<p>\t\t\t\t              22.10.2025, 16:43 Uhr<\/p>\n<p>Vor drei Jahren zogen<b> Bushido und Anna-Maria Ferchichi <\/b>mit ihren Kindern nach Dubai. Doch das Auswanderungsgl\u00fcck scheint zu br\u00f6ckeln: Das Ehepaar hat das <b>Haus im &#8222;Influencer-Paradies&#8220; Dubai verkauft. <\/b>Bevor die Familie vollst\u00e4ndig zur\u00fcck nach Deutschland zieht, will sie sich zun\u00e4chst mit einem Zweitwohnsitz herantasten.<\/p>\n<p>  <a href=\"https:\/\/www.n-tv.de\/img\/26113143-1761144602000\/16-9\/750\/546428798.jpg\" target=\"_blank\" rel=\"noopener\">     <img decoding=\"async\" alt=\"Bushido und Anna-Maria Ferchichi zogen 2022 nach Dubai.\" src=\"https:\/\/www.europesays.com\/de\/wp-content\/uploads\/2025\/10\/546428798.jpg\" class=\"lazyload\"\/>  <\/a>  <\/p>\n<p class=\"article__aside__caption\">Bushido und Anna-Maria Ferchichi zogen 2022 nach Dubai.<\/p>\n<p class=\"article__aside__copy\">(Foto: picture alliance\/dpa)<\/p>\n<p>&#8222;<b>Berlin kommt absolut nicht infrage<\/b> &#8211; aus allen Gr\u00fcnden eigentlich&#8220;, stellt Anna-Maria Ferchichi klar: &#8222;Ich habe mich da nicht wohlgef\u00fchlt. Ich finde, es ist einfach <b>keine ansprechende Stadt<\/b>.&#8220; Umso mehr haben sie <b>Gefallen an M\u00fcnchen<\/b> gefunden. Die bayerische Hauptstadt biete &#8222;genau das, was wir suchen: Natur, Gr\u00fcn und Ruhe.&#8220;<\/p>\n","protected":false},"excerpt":{"rendered":"Der Tag Bushidos Familie will zur\u00fcck nach Deutschland &#8211; aber eine Stadt ist tabu 22.10.2025, 16:43 Uhr Vor&hellip;\n","protected":false},"author":2,"featured_media":518679,"comment_status":"","ping_status":"","sticky":false,"template":"","format":"standard","meta":{"footnotes":""},"categories":[1772],"tags":[128701,282,29,214,553,30,1779,810,3041,1781,215],"class_list":{"0":"post-518678","1":"post","2":"type-post","3":"status-publish","4":"format-standard","5":"has-post-thumbnail","7":"category-musik","8":"tag-bushidos","9":"tag-der","10":"tag-deutschland","11":"tag-entertainment","12":"tag-familie","13":"tag-germany","14":"tag-music","15":"tag-musik","16":"tag-stadt","17":"tag-tag","18":"tag-unterhaltung"},"share_on_mastodon":{"url":"https:\/\/pubeurope.com\/@de\/115418727429611444","error":""},"_links":{"self":[{"href":"https:\/\/www.europesays.com\/de\/wp-json\/wp\/v2\/posts\/518678","targetHints":{"allow":["GET"]}}],"collection":[{"href":"https:\/\/www.europesays.com\/de\/wp-json\/wp\/v2\/posts"}],"about":[{"href":"https:\/\/www.europesays.com\/de\/wp-json\/wp\/v2\/types\/post"}],"author":[{"embeddable":true,"href":"https:\/\/www.europesays.com\/de\/wp-json\/wp\/v2\/users\/2"}],"replies":[{"embeddable":true,"href":"https:\/\/www.europesays.com\/de\/wp-json\/wp\/v2\/comments?post=518678"}],"version-history":[{"count":0,"href":"https:\/\/www.europesays.com\/de\/wp-json\/wp\/v2\/posts\/518678\/revisions"}],"wp:featuredmedia":[{"embeddable":true,"href":"https:\/\/www.europesays.com\/de\/wp-json\/wp\/v2\/media\/518679"}],"wp:attachment":[{"href":"https:\/\/www.europesays.com\/de\/wp-json\/wp\/v2\/media?parent=518678"}],"wp:term":[{"taxonomy":"category","embeddable":true,"href":"https:\/\/www.europesays.com\/de\/wp-json\/wp\/v2\/categories?post=518678"},{"taxonomy":"post_tag","embeddable":true,"href":"https:\/\/www.europesays.com\/de\/wp-json\/wp\/v2\/tags?post=518678"}],"curies":[{"name":"wp","href":"https:\/\/api.w.org\/{rel}","templated":true}]}}