{"id":518725,"date":"2025-10-22T16:43:20","date_gmt":"2025-10-22T16:43:20","guid":{"rendered":"https:\/\/www.europesays.com\/de\/518725\/"},"modified":"2025-10-22T16:43:20","modified_gmt":"2025-10-22T16:43:20","slug":"4-gemeinsame-pressemitteilung-der-staatsanwaltschaft-detmold-und-der-polizei-bielefeld-zu-einem-toetungsdelikt-in-einem","status":"publish","type":"post","link":"https:\/\/www.europesays.com\/de\/518725\/","title":{"rendered":"4.Gemeinsame Pressemitteilung der Staatsanwaltschaft Detmold und der Polizei Bielefeld zu einem T\u00f6tungsdelikt in einem"},"content":{"rendered":"<p>HC\/ Bielefeld- Lippe- Lemgo- Heute Vormittag erfolgte die Obduktion des Leichnams des 16-J\u00e4hrigen. Sie ergab, dass Gewalteinwirkungen gegen Brust und Kopf todesurs\u00e4chlich waren.<\/p>\n<p>Bei den Ermittlungen haben sich bislang keine Erkenntnisse ergeben, dass der Tatverd\u00e4chtige und das Opfer sich vor der Tat kannten. Nach Auswertung der verschiedenen zahlreichen Zeugenaussagen sowie der Videoaufzeichnungen kristallisierte sich inzwischen heraus, dass es vor der Tat nicht &#8211; wie zuvor berichtet- zu einem Streit gekommen war. Derzeitiger Ermittlungsstand ist, dass der 33-J\u00e4hrige mit einem Messer auf das Opfer und seine zwei Begleiter auf dem Parkplatz zulief. Er folgte dem fl\u00fcchtenden 16-J\u00e4hrigen in den Supermarkt, attackierte ihn im Kassenbereich und verletzte ihn t\u00f6dlich.<\/p>\n<p>Der Tatverd\u00e4chtige ist in der Vergangenheit mit Bet\u00e4ubungsmitteldelikten polizeilich in Erscheinung getreten. Er \u00e4u\u00dferte sich bislang nicht zur Sache. Die Ermittlungen zur Motivlage dauern weiter an.<\/p>\n<p>R\u00fcckfragen von Journalisten bitte an:<\/p>\n<p>Polizeipr\u00e4sidium Bielefeld Leitungsstab\/ Presse- und \u00d6ffentlichkeitsarbeit Kurt-Schumacher-Stra\u00dfe 46 33615 Bielefeld<\/p>\n<p>Sonja Rehmert (SR), Tel. 0521\/545-3020 Katja K\u00fcster (KK), Tel. 0521\/545-3195 Sarah Siedschlag (SI), Tel. 0521\/545-3021 Michael K\u00f6tter (MK), Tel. 0521\/545-3022 Hella Christoph (HC), Tel. 0521\/545-3023 Fabian Rickel (FR), Tel. 0521\/545-3024 Caroline Steffen (CS), Tel. 0521\/545-3026 Lukas Reker (LR), Tel. 0521\/545-3222<\/p>\n<p>E-Mail: pressestelle.bielefeld@polizei.nrw.de <a href=\"https:\/\/bielefeld.polizei.nrw\/\" target=\"_blank\" rel=\"noreferrer noopener\">bielefeld.polizei.nrw<\/a><\/p>\n<p>Au\u00dferhalb der B\u00fcrodienstzeit: Leitstelle, Tel. 0521\/545-0<\/p>\n<p> Original-Content von: Polizei Bielefeld, \u00fcbermittelt durch news aktuell<\/p>\n","protected":false},"excerpt":{"rendered":"HC\/ Bielefeld- Lippe- Lemgo- Heute Vormittag erfolgte die Obduktion des Leichnams des 16-J\u00e4hrigen. Sie ergab, dass Gewalteinwirkungen gegen&hellip;\n","protected":false},"author":2,"featured_media":362892,"comment_status":"","ping_status":"","sticky":false,"template":"","format":"standard","meta":{"footnotes":""},"categories":[1841],"tags":[1605,3364,29,30,1209,12925],"class_list":{"0":"post-518725","1":"post","2":"type-post","3":"status-publish","4":"format-standard","5":"has-post-thumbnail","7":"category-bielefeld","8":"tag-bielefeld","9":"tag-de","10":"tag-deutschland","11":"tag-germany","12":"tag-nordrhein-westfalen","13":"tag-polizeimeldungen"},"share_on_mastodon":{"url":"https:\/\/pubeurope.com\/@de\/115418825082162550","error":""},"_links":{"self":[{"href":"https:\/\/www.europesays.com\/de\/wp-json\/wp\/v2\/posts\/518725","targetHints":{"allow":["GET"]}}],"collection":[{"href":"https:\/\/www.europesays.com\/de\/wp-json\/wp\/v2\/posts"}],"about":[{"href":"https:\/\/www.europesays.com\/de\/wp-json\/wp\/v2\/types\/post"}],"author":[{"embeddable":true,"href":"https:\/\/www.europesays.com\/de\/wp-json\/wp\/v2\/users\/2"}],"replies":[{"embeddable":true,"href":"https:\/\/www.europesays.com\/de\/wp-json\/wp\/v2\/comments?post=518725"}],"version-history":[{"count":0,"href":"https:\/\/www.europesays.com\/de\/wp-json\/wp\/v2\/posts\/518725\/revisions"}],"wp:featuredmedia":[{"embeddable":true,"href":"https:\/\/www.europesays.com\/de\/wp-json\/wp\/v2\/media\/362892"}],"wp:attachment":[{"href":"https:\/\/www.europesays.com\/de\/wp-json\/wp\/v2\/media?parent=518725"}],"wp:term":[{"taxonomy":"category","embeddable":true,"href":"https:\/\/www.europesays.com\/de\/wp-json\/wp\/v2\/categories?post=518725"},{"taxonomy":"post_tag","embeddable":true,"href":"https:\/\/www.europesays.com\/de\/wp-json\/wp\/v2\/tags?post=518725"}],"curies":[{"name":"wp","href":"https:\/\/api.w.org\/{rel}","templated":true}]}}