{"id":518738,"date":"2025-10-22T16:50:17","date_gmt":"2025-10-22T16:50:17","guid":{"rendered":"https:\/\/www.europesays.com\/de\/518738\/"},"modified":"2025-10-22T16:50:17","modified_gmt":"2025-10-22T16:50:17","slug":"seltene-erden-usa-dringen-auf-gespraeche-mit-china-wegen-exportverschaerfungen","status":"publish","type":"post","link":"https:\/\/www.europesays.com\/de\/518738\/","title":{"rendered":"Seltene Erden &#8211; USA dringen auf Gespr\u00e4che mit China wegen Exportversch\u00e4rfungen"},"content":{"rendered":"<p>                    <img decoding=\"async\" loading=\"lazy\" class=\"internal-image\" title=\"China, Baotou: Die Bayan-Obo-Mine f\u00fcr Seltene Erden in der Inneren Mongolei. \" alt=\"China, Baotou: Die Bayan-Obo-Mine f\u00fcr Seltene Erden in der Inneren Mongolei. \" src=\"https:\/\/www.europesays.com\/de\/wp-content\/uploads\/2025\/10\/seltene-erden-china-100-1920x1080.jpg\" \/><\/p>\n<p>                  Die USA und China streiten weiter \u00fcber Seltene Erden. Im Bild: Eine Mine in der Inneren Mongolei. (Ren Junchuan\/Xinhua via ZUMA Wire\/dpa)<\/p>\n<p>Der US-Handelsbeauftragte Greer will nach eigenen Angaben in Malaysia mit chinesischen Vertretern zusammenkommen. Das Vorgehen Chinas bezeichnete er als &#8222;aggressiv&#8220; und &#8222;unverh\u00e4ltnism\u00e4\u00dfig&#8220;. Die Zusage, die f\u00fcr viele Technologieprodukte ben\u00f6tigten Rohstoffe weiter zu liefern, werde nicht eingehalten.<\/p>\n<p>Der Handelsstreit zwischen den beiden gr\u00f6\u00dften Volkswirtschaften der Welt hatte sich in den vergangenen Wochen wieder versch\u00e4rft. US-Pr\u00e4sident Trump k\u00fcndigte Zusatzz\u00f6lle von 100 Prozent auf chinesische Waren an, die ab dem 1. November gelten sollen. China hatte zuvor Exportkontrollen f\u00fcr fast alle Seltenen Erden angek\u00fcndigt.<\/p>\n<p>Diese Nachricht wurde am 22.10.2025 im Programm Deutschlandfunk gesendet.<\/p>\n","protected":false},"excerpt":{"rendered":"Die USA und China streiten weiter \u00fcber Seltene Erden. Im Bild: Eine Mine in der Inneren Mongolei. (Ren&hellip;\n","protected":false},"author":2,"featured_media":518739,"comment_status":"","ping_status":"","sticky":false,"template":"","format":"standard","meta":{"footnotes":""},"categories":[3977],"tags":[331,332,13,14,15,12,4017,4018,4016,64,4019,4020],"class_list":{"0":"post-518738","1":"post","2":"type-post","3":"status-publish","4":"format-standard","5":"has-post-thumbnail","7":"category-usa","8":"tag-aktuelle-nachrichten","9":"tag-aktuelle-news","10":"tag-headlines","11":"tag-nachrichten","12":"tag-news","13":"tag-schlagzeilen","14":"tag-united-states","15":"tag-united-states-of-america","16":"tag-us","17":"tag-usa","18":"tag-vereinigte-staaten","19":"tag-vereinigte-staaten-von-amerika"},"share_on_mastodon":{"url":"https:\/\/pubeurope.com\/@de\/115418853895740012","error":""},"_links":{"self":[{"href":"https:\/\/www.europesays.com\/de\/wp-json\/wp\/v2\/posts\/518738","targetHints":{"allow":["GET"]}}],"collection":[{"href":"https:\/\/www.europesays.com\/de\/wp-json\/wp\/v2\/posts"}],"about":[{"href":"https:\/\/www.europesays.com\/de\/wp-json\/wp\/v2\/types\/post"}],"author":[{"embeddable":true,"href":"https:\/\/www.europesays.com\/de\/wp-json\/wp\/v2\/users\/2"}],"replies":[{"embeddable":true,"href":"https:\/\/www.europesays.com\/de\/wp-json\/wp\/v2\/comments?post=518738"}],"version-history":[{"count":0,"href":"https:\/\/www.europesays.com\/de\/wp-json\/wp\/v2\/posts\/518738\/revisions"}],"wp:featuredmedia":[{"embeddable":true,"href":"https:\/\/www.europesays.com\/de\/wp-json\/wp\/v2\/media\/518739"}],"wp:attachment":[{"href":"https:\/\/www.europesays.com\/de\/wp-json\/wp\/v2\/media?parent=518738"}],"wp:term":[{"taxonomy":"category","embeddable":true,"href":"https:\/\/www.europesays.com\/de\/wp-json\/wp\/v2\/categories?post=518738"},{"taxonomy":"post_tag","embeddable":true,"href":"https:\/\/www.europesays.com\/de\/wp-json\/wp\/v2\/tags?post=518738"}],"curies":[{"name":"wp","href":"https:\/\/api.w.org\/{rel}","templated":true}]}}