{"id":518793,"date":"2025-10-22T17:22:11","date_gmt":"2025-10-22T17:22:11","guid":{"rendered":"https:\/\/www.europesays.com\/de\/518793\/"},"modified":"2025-10-22T17:22:11","modified_gmt":"2025-10-22T17:22:11","slug":"frankfurt-roemer-wirtschaftsausschuss-keine-gehaltsdeckelung-und-kein-verkaufsoffener-sonntag","status":"publish","type":"post","link":"https:\/\/www.europesays.com\/de\/518793\/","title":{"rendered":"Frankfurt R\u00f6mer Wirtschaftsausschuss Keine Gehaltsdeckelung und kein verkaufsoffener Sonntag"},"content":{"rendered":"<ol class=\"id-DonaldBreadcrumb lp_west_breadcrumb id-DonaldBreadcrumb--default\" data-k5a-pos=\"west_breadcrumb\">\n<li class=\"id-Breadcrumb-item\"><a href=\"https:\/\/www.fr.de\/\" class=\"id-Breadcrumb-link\" data-id-ec=\"{\" shn=\"\" textlink=\"\" data-k5a-pos=\"1_startseite\" rel=\"nofollow noopener\" target=\"_blank\">Startseite<\/a><\/li>\n<li class=\"id-Breadcrumb-item\"><a href=\"https:\/\/www.fr.de\/frankfurt\/\" class=\"id-Breadcrumb-link\" data-id-ec=\"{\" shn=\"\" textlink=\"\" data-k5a-pos=\"2_frankfurt\" rel=\"nofollow noopener\" target=\"_blank\">Frankfurt<\/a><\/li>\n<\/ol>\n<p class=\"id-Story-timestamp id-Story-timestamp--default\">Stand: 22.10.2025, 17:49 Uhr<\/p>\n<p class=\"id-Story-authors id-Story-authors--default\">Von: <a class=\"id-Story-authors-link lp_west_author\" href=\"https:\/\/www.fr.de\/autor\/baha-kirlidokme-hrju8yf4g.html\" title=\"Zur Autorenseite von Baha Kirlidokme\" data-id-ec=\"{\" shn=\"\" author-link=\"\" kirlidokme=\"\" data-k5a-pos=\"west_author\" rel=\"nofollow noopener\" target=\"_blank\">Baha Kirlidokme<\/a><\/p>\n<p class=\"id-Story-interactionBar id-Story-interactionBar--default\">DruckenTeilen<\/p>\n<p><img decoding=\"async\" class=\"id-RatioPlaceholder-element wv_story_el_image\" src=\"https:\/\/www.europesays.com\/de\/wp-content\/uploads\/2025\/10\/39914425-blick-von-der-turmspitze-des-frankfurter-kaiserdom-bei-nacht-auf-frankfurt-Z7a.jpg\" loading=\"eager\" fetchpriority=\"high\"   height=\"792\" width=\"1408\" alt=\"Blick von der Turmspitze des Frankfurter Kaiserdom bei Nacht auf Frankfurt. \"\/>Blick von der Turmspitze des Frankfurter Kaiserdom bei Nacht auf Frankfurt.  \u00a9\u00a0Rolf Oeser<\/p>\n<p class=\"id-StoryElement-leadText\">Der Wirtschaftsausschuss lehnt einen Linken-Antrag zu Spitzengeh\u00e4ltern bei stadteigenen Betrieben ab, genauso wie einen FDP-Antrag zu verkaufsoffenen Sonntagen. Jedoch soll Frankfurt automatisierte L\u00e4den bekommen.<\/p>\n<p class=\"id-StoryElement-paragraph\">Sollen Spitzengeh\u00e4lter bei st\u00e4dtischen Unternehmen gedeckelt werden? Ein Vorschlag, der immer wieder diskutiert wird, so auch am Dienstag im Wirtschaftsausschuss der Stadt Frankfurt. Die Linkspartei hatte einen entsprechenden Antrag eingereicht.<\/p>\n<p class=\"id-StoryElement-paragraph\">Unter anderem sollte nach Vorlage der Magistrat damit beauftragt werden, \u201ein Unternehmen mit Mehrheitsbeteiligung der Stadt Frankfurt f\u00fcr die jeweiligen Gesch\u00e4ftsf\u00fchrungen per Beschluss in den zust\u00e4ndigen Gremien eine Gehaltsobergrenze per Lohngerechtigkeitsquote festzulegen\u201c. Diese Obergrenze sollte sich am Gehalt von vergleichbaren Positionen im \u00f6ffentlichen Dienst orientieren. \u201eEine Deckelung auf maximal das 20-Fache der niedrigsten Lohngruppe im Unternehmen wird als Richtwert vorgeschlagen.\u201c<\/p>\n<p class=\"id-StoryElement-paragraph\">Manuel Denkwitz von den Gr\u00fcnen hielt das nicht f\u00fcr zu Ende gedacht. \u201eDer Antrag enth\u00e4lt ein paar interessante Sachen\u201c, sagte der Stadtverordnete. Doch die Spitzengeh\u00e4lter bef\u00e4nden sich in Frankfurt ja bereits unter dem 20-Fachen der niedrigsten Lohngruppe. Es sei zudem erw\u00e4hnt, dass die Bez\u00fcge im j\u00e4hrlichen Beteiligungsbericht der Stadt Frankfurt bereits ver\u00f6ffentlicht werden.<\/p>\n<p class=\"id-StoryElement-paragraph\">Auch Omar Shehata von der SPD fand \u201edie Sto\u00dfrichtung gut\u201c, doch sah Schwierigkeiten in der praktischen Umsetzung, da man sich immer noch auf dem freien Markt befindet. Die Erh\u00f6hung der Geh\u00e4lter in den niedrigsten Lohngruppen h\u00e4lt er f\u00fcr sinnvoller. Der Antrag wurde zun\u00e4chst abgelehnt, wird aber an den Magistrat zu Pr\u00fcfung und Berichterstattung \u00fcberwiesen.<\/p>\n<p>Widerstand gegen Sonntags\u00f6ffnung<\/p>\n<p class=\"id-StoryElement-paragraph\">Der Wirtschaftsausschuss besch\u00e4ftigte sich au\u00dferdem noch mit verkaufsoffenen Sonntagen. Frankfurt brauche diese, so zumindest die FDP in ihrem Antrag. Der Magistrat solle, gem\u00e4\u00df des Hessischen Laden\u00f6ffnungsgesetzes, j\u00e4hrlich drei verkaufsoffene Sonntage im Frankfurter Stadtgebiet planen. Zudem solle die Ansiedlung von sogenannten automatisierten \u201edigitalen Kleinstsuperm\u00e4rkten\u201c\u00a0erm\u00f6glicht werden. Das seien Superm\u00e4rkte, die 24 Stunden auch ohne Personal, sondern mit Automaten ge\u00f6ffnet haben. <\/p>\n<p class=\"id-StoryElement-paragraph\">Etwas, was Nico Wehnemann von der Partei Die PARTEI f\u00fcr l\u00e4ngst \u00fcberf\u00e4llig h\u00e4lt, das fehle Frankfurt \u201eauf dem Weg zu einer richtigen Gro\u00dfstadt\u201c. Die Linkspartei entgegnete, dass verkaufsoffene Sonntage ein Weg in die \u201ev\u00f6llige Entgrenzung der Verf\u00fcgbarkeit von Arbeitskr\u00e4ften\u201c seien. Auch die SPD \u00e4u\u00dferte Bedenken und erinnerte wie die Linkspartei an Kirchen und Gewerkschaften, die gegen Sonntags\u00f6ffnungen vor Gericht zog. Am Ende lehnte der Ausschuss die Sonntags\u00f6ffnungen ab, nahm aber die Ansiedlung automatisierter Superm\u00e4rkte an. <\/p>\n","protected":false},"excerpt":{"rendered":"Startseite Frankfurt Stand: 22.10.2025, 17:49 Uhr Von: Baha Kirlidokme DruckenTeilen Blick von der Turmspitze des Frankfurter Kaiserdom bei&hellip;\n","protected":false},"author":2,"featured_media":518794,"comment_status":"","ping_status":"","sticky":false,"template":"","format":"standard","meta":{"footnotes":""},"categories":[1829],"tags":[29,2050,2051,30,2052],"class_list":{"0":"post-518793","1":"post","2":"type-post","3":"status-publish","4":"format-standard","5":"has-post-thumbnail","7":"category-frankfurt-am-main","8":"tag-deutschland","9":"tag-frankfurt","10":"tag-frankfurt-am-main","11":"tag-germany","12":"tag-hessen"},"share_on_mastodon":{"url":"https:\/\/pubeurope.com\/@de\/115418979201021540","error":""},"_links":{"self":[{"href":"https:\/\/www.europesays.com\/de\/wp-json\/wp\/v2\/posts\/518793","targetHints":{"allow":["GET"]}}],"collection":[{"href":"https:\/\/www.europesays.com\/de\/wp-json\/wp\/v2\/posts"}],"about":[{"href":"https:\/\/www.europesays.com\/de\/wp-json\/wp\/v2\/types\/post"}],"author":[{"embeddable":true,"href":"https:\/\/www.europesays.com\/de\/wp-json\/wp\/v2\/users\/2"}],"replies":[{"embeddable":true,"href":"https:\/\/www.europesays.com\/de\/wp-json\/wp\/v2\/comments?post=518793"}],"version-history":[{"count":0,"href":"https:\/\/www.europesays.com\/de\/wp-json\/wp\/v2\/posts\/518793\/revisions"}],"wp:featuredmedia":[{"embeddable":true,"href":"https:\/\/www.europesays.com\/de\/wp-json\/wp\/v2\/media\/518794"}],"wp:attachment":[{"href":"https:\/\/www.europesays.com\/de\/wp-json\/wp\/v2\/media?parent=518793"}],"wp:term":[{"taxonomy":"category","embeddable":true,"href":"https:\/\/www.europesays.com\/de\/wp-json\/wp\/v2\/categories?post=518793"},{"taxonomy":"post_tag","embeddable":true,"href":"https:\/\/www.europesays.com\/de\/wp-json\/wp\/v2\/tags?post=518793"}],"curies":[{"name":"wp","href":"https:\/\/api.w.org\/{rel}","templated":true}]}}