{"id":518821,"date":"2025-10-22T17:36:23","date_gmt":"2025-10-22T17:36:23","guid":{"rendered":"https:\/\/www.europesays.com\/de\/518821\/"},"modified":"2025-10-22T17:36:23","modified_gmt":"2025-10-22T17:36:23","slug":"schlager-star-loest-sprengsatz-alarm-am-flughafen-aus","status":"publish","type":"post","link":"https:\/\/www.europesays.com\/de\/518821\/","title":{"rendered":"Schlager-Star l\u00f6st Sprengsatz-Alarm am Flughafen aus"},"content":{"rendered":"<p>&#8222;Fragw\u00fcrdiges Equipment&#8220; <\/p>\n<p>Schlagerstar Sonia Liebing l\u00f6st Sprengsatz-Alarm aus<\/p>\n<p>Aktualisiert am 22.10.2025 &#8211; 19:26 UhrLesedauer: 2 Min.<\/p>\n<p><a href=\"#focus-0\" class=\"transition-colors duration-200 block text-current relative\" data-sctrack=\"FocusGalleryImage.Reference\"><img fetchpriority=\"high\" data-testid=\"Opener.Image\" style=\"--lqipURL:url('https:\/\/images.t-online.de\/2025\/10\/zKtLZ-q4Susy\/693x113:3291x1851\/fit-in\/150x0\/filters:blur(25)\/sonia-liebing-sie-hat-sich-einen-namen-in-der-schlagerbranche-gemacht.jpg')\"   loading=\"eager\" src=\"https:\/\/www.europesays.com\/de\/wp-content\/uploads\/2025\/10\/sonia-liebing-sie-hat-sich-einen-namen-in-der-schlagerbranche-gemacht.jpg\" alt=\"Sonia Liebing: Sie hat sich einen Namen in der Schlagerbranche gemacht.\" title=\"Sonia Liebing: Sie hat sich einen Namen in der Schlagerbranche gemacht.\" width=\"3291\" height=\"1851\" class=\"bg-[url:var(--lqipURL)] bg-cover bg-center flex h-full w-full max-w-full\" decoding=\"async\"\/><img style=\"--width:32;--height:32\" loading=\"lazy\" src=\"https:\/\/www.t-online.de\/s\/paper\/_next\/static\/media\/zoom-in.f7dae02f.svg\" alt=\"Vergr\u00f6\u00dfern des Bildes\" title=\"Vergr\u00f6\u00dfern des Bildes\" class=\"block h-[calc(var(--height)_\/_16_*_1rem)] w-[calc(var(--width)_\/_16_*_1rem)] max-w-none absolute bottom-8 right-8 rounded-4 bg-snow p-8\" decoding=\"async\"\/><\/a><\/p>\n<p>S\u00e4ngerin Sonia Liebing: Sie hat sich einen Namen in der Schlagerbranche gemacht. (Quelle: IMAGO\/Gnther Dorn)<\/p>\n<p class=\"font-bold text-18 leading-17\">Sonia Liebings Kofferinhalt bringt am Flughafen die Abl\u00e4ufe durcheinander. F\u00fcr die Schlagers\u00e4ngerin beginnt der Urlaub mit einem ungewollten Zwischenstopp.<\/p>\n<p class=\"text-18 leading-17\">Was als entspannte Kreuzfahrt geplant war, begann f\u00fcr Sonia Liebing mit einem Zwischenfall, den sie so schnell nicht vergessen d\u00fcrfte. Die S\u00e4ngerin reiste gemeinsam mit Ehemann und T\u00f6chtern ins <a class=\"transition-colors duration-200 cursor-pointer text-inherit no-underline text-salemsfur md:hover:text-magenta md:hover:border-magenta md:focus:text-magenta border-current border-b border-solid break-words\" href=\"https:\/\/www.t-online.de\/themen\/mittelmeer\/\" data-sctrack=\"BodyAnchor\" rel=\"nofollow noopener\" target=\"_blank\">Mittelmeer<\/a> \u2013 doch bereits beim Start in den Urlaub kam es zu Verz\u00f6gerungen. Grund daf\u00fcr war der Inhalt ihres Koffers, der bei der Sicherheitskontrolle f\u00fcr Verunsicherung sorgte.<\/p>\n<p class=\"text-18 leading-17\">Wie Liebing laut MDR in einer inzwischen nicht mehr verf\u00fcgbaren Instagram-Story berichtete, wurde sie an einem <a class=\"transition-colors duration-200 cursor-pointer text-inherit no-underline text-salemsfur md:hover:text-magenta md:hover:border-magenta md:focus:text-magenta border-current border-b border-solid break-words\" href=\"https:\/\/www.t-online.de\/themen\/flughafen\/\" data-sctrack=\"BodyAnchor\" rel=\"nofollow noopener\" target=\"_blank\">Flughafen<\/a> von der Polizei aufgehalten. Ihre Mikrofonkapsel und In-Ear-Monitore sorgten auf dem R\u00f6ntgenbild offenbar f\u00fcr Irritation \u2013 sie erinnerten laut Liebing an einen Sprengk\u00f6rper. Hinzu kam ein beleuchteter Schminkkoffer, der mit seinen Kabeln die Situation nicht einfacher machte.<\/p>\n<p class=\"text-18 leading-17\">&#8222;Ich hab&#8217;s geschafft, den Flughafen lahmzulegen&#8220;, kommentierte die 36-J\u00e4hrige das Geschehen. Nach der Durchsuchung stand fest: Es handelte sich lediglich um das technische Equipment einer Musikerin.<\/p>\n<p class=\"text-18 leading-17\">F\u00fcr ihre beiden T\u00f6chter war die Episode jedoch alles andere als am\u00fcsant. Die M\u00e4dchen, so Liebing, h\u00e4tten kurz vor einem Nervenzusammenbruch gestanden. Nach einer kurzen Verz\u00f6gerung durfte die Familie schlie\u00dflich weiterreisen und erreichte ihren Flieger rechtzeitig.<\/p>\n<p class=\"text-18 leading-17\">Sonia Liebing brachte nach Auftritten bei der &#8222;Schlagernacht des Jahres&#8220;-Tournee 2019 ihr Deb\u00fctalbum &#8222;Wunschlos gl\u00fccklich&#8220; heraus, etablierte sich in der Musikbranche. Zu ihren bekanntesten Songs geh\u00f6ren &#8222;Jugendliebe&#8220;, &#8222;Tu nicht so&#8220; und &#8222;Nimm dir, was du brauchst&#8220;. Sie steht heute bei Universal Music unter Vertrag.<\/p>\n","protected":false},"excerpt":{"rendered":"&#8222;Fragw\u00fcrdiges Equipment&#8220; Schlagerstar Sonia Liebing l\u00f6st Sprengsatz-Alarm aus Aktualisiert am 22.10.2025 &#8211; 19:26 UhrLesedauer: 2 Min. S\u00e4ngerin Sonia&hellip;\n","protected":false},"author":2,"featured_media":518822,"comment_status":"","ping_status":"","sticky":false,"template":"","format":"standard","meta":{"footnotes":""},"categories":[1776],"tags":[1801,29,214,30,81,1802,113083,128711,215],"class_list":{"0":"post-518821","1":"post","2":"type-post","3":"status-publish","4":"format-standard","5":"has-post-thumbnail","7":"category-prominente","8":"tag-celebrities","9":"tag-deutschland","10":"tag-entertainment","11":"tag-germany","12":"tag-mdr","13":"tag-prominente","14":"tag-schlagerbranche","15":"tag-sonia-liebing","16":"tag-unterhaltung"},"share_on_mastodon":{"url":"https:\/\/pubeurope.com\/@de\/115419034220863209","error":""},"_links":{"self":[{"href":"https:\/\/www.europesays.com\/de\/wp-json\/wp\/v2\/posts\/518821","targetHints":{"allow":["GET"]}}],"collection":[{"href":"https:\/\/www.europesays.com\/de\/wp-json\/wp\/v2\/posts"}],"about":[{"href":"https:\/\/www.europesays.com\/de\/wp-json\/wp\/v2\/types\/post"}],"author":[{"embeddable":true,"href":"https:\/\/www.europesays.com\/de\/wp-json\/wp\/v2\/users\/2"}],"replies":[{"embeddable":true,"href":"https:\/\/www.europesays.com\/de\/wp-json\/wp\/v2\/comments?post=518821"}],"version-history":[{"count":0,"href":"https:\/\/www.europesays.com\/de\/wp-json\/wp\/v2\/posts\/518821\/revisions"}],"wp:featuredmedia":[{"embeddable":true,"href":"https:\/\/www.europesays.com\/de\/wp-json\/wp\/v2\/media\/518822"}],"wp:attachment":[{"href":"https:\/\/www.europesays.com\/de\/wp-json\/wp\/v2\/media?parent=518821"}],"wp:term":[{"taxonomy":"category","embeddable":true,"href":"https:\/\/www.europesays.com\/de\/wp-json\/wp\/v2\/categories?post=518821"},{"taxonomy":"post_tag","embeddable":true,"href":"https:\/\/www.europesays.com\/de\/wp-json\/wp\/v2\/tags?post=518821"}],"curies":[{"name":"wp","href":"https:\/\/api.w.org\/{rel}","templated":true}]}}