{"id":518961,"date":"2025-10-22T18:52:11","date_gmt":"2025-10-22T18:52:11","guid":{"rendered":"https:\/\/www.europesays.com\/de\/518961\/"},"modified":"2025-10-22T18:52:11","modified_gmt":"2025-10-22T18:52:11","slug":"berlin-brandenburg-berlin-federfuehrend-bei-projekt-gegen-illegale-autovermieter","status":"publish","type":"post","link":"https:\/\/www.europesays.com\/de\/518961\/","title":{"rendered":"Berlin &#038; Brandenburg: Berlin federf\u00fchrend bei Projekt gegen illegale Autovermieter"},"content":{"rendered":"<p>                    Berlin &amp; Brandenburg<br \/>\n                Berlin federf\u00fchrend bei Projekt gegen illegale Autovermieter<\/p>\n<p>\t\t\t\t              22.10.2025, 20:24 Uhr<\/p>\n<p><strong>Verd\u00e4chtige Mietwagen, Geldw\u00e4sche, t\u00f6dliche Unf\u00e4lle: Wie Berlin mit einer Million Euro und Gesetzesversch\u00e4rfungen gegen illegale Autovermietungen vorgehen will.<\/strong><\/p>\n<p>Berlin (dpa\/bb) &#8211; Berlins Innensenatorin Iris Spranger (SPD) hat ein entschlossenes Vorgehen gegen illegale Autovermietungen angek\u00fcndigt. Dazu leitet das Berliner Landeskriminalamt (LKA) das entsprechende europaweite Projekt &#8222;Rent&#8220; (englisch f\u00fcr Miete), wie die Innenverwaltung mitteilte.\u00a0<\/p>\n<p>Daran nehmen unter anderem das Bundeskriminalamt (BKA), die Niederlande, Europol, die Landeskriminal\u00e4mter von Nordrhein-Westfalen, Niedersachsen, Bremen, Bayern, Brandenburg, das Bundesinnenministerium sowie die Gesamtverb\u00e4nde der Versicherungswirtschaft und Autovermieter teil. Zuvor hatten mehrere Berliner Medien \u00fcber das Thema berichtet.\u00a0<\/p>\n<p>Eine Million Euro F\u00f6rdermittel kommen von der EU\u00a0<\/p>\n<p>F\u00fcr das Projekt steht den Angaben zufolge aus EU-F\u00f6rdermitteln eine Million Euro zur Verf\u00fcgung. Es soll zun\u00e4chst zwei Jahre laufen. Unter anderem ist ein Rechtsgutachten geplant, das kl\u00e4ren soll, welche Gesetzesversch\u00e4rfungen oder Gesetze notwendig sind.<\/p>\n<p>Es soll au\u00dferdem die Strukturen europaweit analysieren, ein Lagebild erstellen, Erkenntnisse \u00fcber verd\u00e4chtige Autovermietungen zusammenf\u00fchren und weitere Bek\u00e4mpfungsans\u00e4tze entwickeln.\u00a0<\/p>\n<p>&#8222;In Berlin gibt es circa 2.000 Autovermietungen mit 60.000 Kraftfahrzeugen. Davon haben rund 60 Autovermietungen Verbindungen zur Clankriminalit\u00e4t&#8220;, sagte Spranger. &#8222;Deshalb haben wir das Projekt &#8222;Rent&#8220; federf\u00fchrend \u00fcber das LKA Berlin initiiert, um die Organisierte Kriminalit\u00e4t an ihren empfindlichsten Stellen treffen: Geld, Status und Prestige.&#8220;<\/p>\n<p>Spranger hofft auf mehr Sicherheit\u00a0<\/p>\n<p>Wenn es gelinge, dem Gesch\u00e4ftsmodell dieser verd\u00e4chtigen Autovermietungen mit ihren rund 2.200 Autos in Berlin den N\u00e4hrboden zu entziehen, sei dies ein wirksamer Schlag gegen Geldw\u00e4sche und Versicherungsbetrug.<\/p>\n<p>&#8222;Au\u00dferdem steigern wir dadurch die Sicherheit auf den Berliner Stra\u00dfen&#8220;, sagte Spranger. &#8222;Denn gerade diese Fahrzeuge fallen im t\u00e4glichen Stra\u00dfenverkehr mit aggressivem Fahrverhalten, Geschwindigkeits\u00fcbertretungen und fehlender R\u00fccksichtnahme gegen\u00fcber anderen negativ auf.&#8220; Sie seien h\u00e4ufig in schwere, teilweise t\u00f6dliche Verkehrsunf\u00e4lle verwickelt.<\/p>\n<p>Regeln und Gesetze m\u00fcssten durchgesetzt und befolgt werden, um gerade die schw\u00e4chsten Verkehrsteilnehmer wie Fu\u00dfg\u00e4nger, Familien, Kinder und Senioren zu sch\u00fctzen, so die Innensenatorin. &#8222;Nach meiner \u00dcberzeugung kann nur so das Vertrauen in den handlungsf\u00e4higen Staat gest\u00e4rkt werden. Auf Berliner Stra\u00dfen gelten Recht und Gesetz und nicht das Recht des St\u00e4rkeren.&#8220;<\/p>\n","protected":false},"excerpt":{"rendered":"Berlin &amp; Brandenburg Berlin federf\u00fchrend bei Projekt gegen illegale Autovermieter 22.10.2025, 20:24 Uhr Verd\u00e4chtige Mietwagen, Geldw\u00e4sche, t\u00f6dliche Unf\u00e4lle:&hellip;\n","protected":false},"author":2,"featured_media":518962,"comment_status":"","ping_status":"","sticky":false,"template":"","format":"standard","meta":{"footnotes":""},"categories":[1816],"tags":[125165,1960,1958,1959,1957,296,1956,1890,29,30,2202],"class_list":{"0":"post-518961","1":"post","2":"type-post","3":"status-publish","4":"format-standard","5":"has-post-thumbnail","7":"category-brandenburg","8":"tag-autovermieter","9":"tag-aktuelle-nachrichten-aus-berlin-und-brandenburg","10":"tag-aktuelle-nachrichten-aus-brandenburg","11":"tag-aktuelle-news-aus-berlin-und-brandenburg","12":"tag-aktuelle-news-aus-brandenburg","13":"tag-berlin","14":"tag-berlin-und-brandenburg","15":"tag-brandenburg","16":"tag-deutschland","17":"tag-germany","18":"tag-projekt"},"share_on_mastodon":{"url":"https:\/\/pubeurope.com\/@de\/115419332261643505","error":""},"_links":{"self":[{"href":"https:\/\/www.europesays.com\/de\/wp-json\/wp\/v2\/posts\/518961","targetHints":{"allow":["GET"]}}],"collection":[{"href":"https:\/\/www.europesays.com\/de\/wp-json\/wp\/v2\/posts"}],"about":[{"href":"https:\/\/www.europesays.com\/de\/wp-json\/wp\/v2\/types\/post"}],"author":[{"embeddable":true,"href":"https:\/\/www.europesays.com\/de\/wp-json\/wp\/v2\/users\/2"}],"replies":[{"embeddable":true,"href":"https:\/\/www.europesays.com\/de\/wp-json\/wp\/v2\/comments?post=518961"}],"version-history":[{"count":0,"href":"https:\/\/www.europesays.com\/de\/wp-json\/wp\/v2\/posts\/518961\/revisions"}],"wp:featuredmedia":[{"embeddable":true,"href":"https:\/\/www.europesays.com\/de\/wp-json\/wp\/v2\/media\/518962"}],"wp:attachment":[{"href":"https:\/\/www.europesays.com\/de\/wp-json\/wp\/v2\/media?parent=518961"}],"wp:term":[{"taxonomy":"category","embeddable":true,"href":"https:\/\/www.europesays.com\/de\/wp-json\/wp\/v2\/categories?post=518961"},{"taxonomy":"post_tag","embeddable":true,"href":"https:\/\/www.europesays.com\/de\/wp-json\/wp\/v2\/tags?post=518961"}],"curies":[{"name":"wp","href":"https:\/\/api.w.org\/{rel}","templated":true}]}}