{"id":518986,"date":"2025-10-22T19:05:11","date_gmt":"2025-10-22T19:05:11","guid":{"rendered":"https:\/\/www.europesays.com\/de\/518986\/"},"modified":"2025-10-22T19:05:11","modified_gmt":"2025-10-22T19:05:11","slug":"eintracht-frankfurt-fc-liverpool-hier-im-live-ticker-champions-league-heute-sport","status":"publish","type":"post","link":"https:\/\/www.europesays.com\/de\/518986\/","title":{"rendered":"Eintracht Frankfurt \u2013 FC Liverpool HIER im Live-Ticker! Champions League heute | Sport"},"content":{"rendered":"<p><b>Die SGE gegen den Premier-League-Champion!<\/b><\/p>\n<p>Am heutigen Mittwoch empf\u00e4ngt <a href=\"https:\/\/www.bild.de\/sport\/fussball\/eintracht-frankfurt\/startseite-eintracht-frankfurt-31074444.bild.html\" class=\"text-link\" rel=\"nofollow noopener\" target=\"_blank\">Eintracht\u00a0Frankfurt<\/a> zum 3.\u00a0Spieltag in der <a href=\"https:\/\/www.bild.de\/sport\/fussball\/champions-league\/home-15770784.bild.html\" class=\"text-link\" rel=\"nofollow noopener\" target=\"_blank\">Champions\u00a0League<\/a> den FC\u00a0Liverpool. Hier gibt&#8217;s den Live-Ticker zum Topspiel in der K\u00f6nigsklasse, Anpfiff ist um 21\u00a0Uhr.<\/p>\n<p>Auch interessant<\/p>\n<p>Anzeige<\/p>\n<p>Auch interessant<\/p>\n<p>Anzeige<\/p>\n<p>Die Frankfurter kehren mit einem 2:2 zur\u00fcck aus Freiburg in den Deutsche-Bank-Park. \u00c4rgerlich: Beide Tore der Breisgauer wurden durch individuelle Fehler von SGE-Stars beg\u00fcnstigt. Zuerst patzte Eintracht-Abwehrchef Robin\u00a0Koch\u00a0(29) vor dem 0:1, dann sah Keeper Kau\u00e3\u00a0Santos\u00a0(22) beim sp\u00e4ten 2:2-Ausgleichstreffer ungl\u00fccklich aus. Trotz einer kleinen Liverpool-Krise (vier Niederlagen in Folge) sollte man sich derartige Ausrutscher gegen den englischen Meister nicht leisten.<\/p>\n<p><b>Start-Aufstellungen: <\/b><\/p>\n<p><b>Eintracht Frankfurt:<\/b> Zetterer \u2013 Theate, Koch, Amenda \u2013 Brown, Larsson, G\u00f6tze, Kristensen \u2013 Bahoya, Knauff, Doan<\/p>\n<p><b>Liverpool:<\/b> Mamardashvili \u2013 Robertson, van Dijk, Konate, Frimpong \u2013 Gakpo, Szoboszlai, Jones, Wirtz \u2013 Ekitike, Iska<\/p>\n<p>Champions League: Eintracht\u00a0Frankfurt gegen FC\u00a0Liverpool im Live-Ticker<\/p>\n","protected":false},"excerpt":{"rendered":"Die SGE gegen den Premier-League-Champion! Am heutigen Mittwoch empf\u00e4ngt Eintracht\u00a0Frankfurt zum 3.\u00a0Spieltag in der Champions\u00a0League den FC\u00a0Liverpool. Hier&hellip;\n","protected":false},"author":2,"featured_media":518987,"comment_status":"","ping_status":"","sticky":false,"template":"","format":"standard","meta":{"footnotes":""},"categories":[136],"tags":[73611,468,29,460,954,347,30,466,5426,265,1927,45,45909],"class_list":{"0":"post-518986","1":"post","2":"type-post","3":"status-publish","4":"format-standard","5":"has-post-thumbnail","7":"category-sport","8":"tag-burkardt-jonathan","9":"tag-champions-league","10":"tag-deutschland","11":"tag-eintracht-frankfurt","12":"tag-fc-liverpool","13":"tag-fussball","14":"tag-germany","15":"tag-koch-robin","16":"tag-live-ticker","17":"tag-sport","18":"tag-sport-standard","19":"tag-texttospeech","20":"tag-uzun-can"},"share_on_mastodon":{"url":"https:\/\/pubeurope.com\/@de\/115419383393721693","error":""},"_links":{"self":[{"href":"https:\/\/www.europesays.com\/de\/wp-json\/wp\/v2\/posts\/518986","targetHints":{"allow":["GET"]}}],"collection":[{"href":"https:\/\/www.europesays.com\/de\/wp-json\/wp\/v2\/posts"}],"about":[{"href":"https:\/\/www.europesays.com\/de\/wp-json\/wp\/v2\/types\/post"}],"author":[{"embeddable":true,"href":"https:\/\/www.europesays.com\/de\/wp-json\/wp\/v2\/users\/2"}],"replies":[{"embeddable":true,"href":"https:\/\/www.europesays.com\/de\/wp-json\/wp\/v2\/comments?post=518986"}],"version-history":[{"count":0,"href":"https:\/\/www.europesays.com\/de\/wp-json\/wp\/v2\/posts\/518986\/revisions"}],"wp:featuredmedia":[{"embeddable":true,"href":"https:\/\/www.europesays.com\/de\/wp-json\/wp\/v2\/media\/518987"}],"wp:attachment":[{"href":"https:\/\/www.europesays.com\/de\/wp-json\/wp\/v2\/media?parent=518986"}],"wp:term":[{"taxonomy":"category","embeddable":true,"href":"https:\/\/www.europesays.com\/de\/wp-json\/wp\/v2\/categories?post=518986"},{"taxonomy":"post_tag","embeddable":true,"href":"https:\/\/www.europesays.com\/de\/wp-json\/wp\/v2\/tags?post=518986"}],"curies":[{"name":"wp","href":"https:\/\/api.w.org\/{rel}","templated":true}]}}