{"id":518995,"date":"2025-10-22T19:10:13","date_gmt":"2025-10-22T19:10:13","guid":{"rendered":"https:\/\/www.europesays.com\/de\/518995\/"},"modified":"2025-10-22T19:10:13","modified_gmt":"2025-10-22T19:10:13","slug":"hannover-toter-und-mehrere-verletzte-bei-schiesserei-regional","status":"publish","type":"post","link":"https:\/\/www.europesays.com\/de\/518995\/","title":{"rendered":"Hannover: Toter und mehrere Verletzte bei Schie\u00dferei | Regional"},"content":{"rendered":"<p>Hannover (Niedersachsen) \u2013\u00a0<b>Bei einer gewaltsamen Auseinandersetzung zweier Gruppen in Hannover am<\/b> <b>Mittwochabend fielen pl\u00f6tzlich Sch\u00fcsse. Laut Polizei kam ein Mensch ums Leben und mehrere Personen wurden verletzt.<\/b><\/p>\n<p>Auch interessant<\/p>\n<p>Anzeige<\/p>\n<p>Auch interessant<\/p>\n<p>Anzeige<\/p>\n<p>Auf der Vahrenwalder Stra\u00dfe in <a href=\"https:\/\/www.bild.de\/regional\/hannover\/hannover-regional\/home-16344348.bild.html\" class=\"text-link\" target=\"_blank\" rel=\"noopener\">Hannover<\/a>, an der auch eine U-Bahn-Linie entlangf\u00e4hrt, fingen nach ersten Erkenntnissen zwei oder mehr Gruppen gegen 18.25 Uhr einen Streit an, der eskalierte. Wie die Polizei auf BILD-Nachfrage best\u00e4tigte, kamen dabei <a href=\"https:\/\/www.bild.de\/themen\/specials\/schusswaffen\/news-fotos-videos-17014668.bild.html\" class=\"text-link\" target=\"_blank\" rel=\"noopener\">Schusswaffen<\/a> zum Einsatz. Mehrere Sch\u00fcsse seien gefallen.<\/p>\n<p>\u201eTats\u00e4chlich wurde eine <a href=\"https:\/\/www.bild.de\/themen\/specials\/tod\/ratgeber-todesfall-trauer-nachrichten-25350234.bild.html\" class=\"text-link\" target=\"_blank\" rel=\"noopener\">Person t\u00f6dlich verletzt<\/a>\u201c, sagte ein Sprecher der Polizei am Abend gegen\u00fcber der Deutschen Presse-Agentur. Die Identit\u00e4t sei noch unklar, mehrere Menschen seien verletzt. Wie schwer die Verletzungen sind und wie viele Menschen betroffen sind, sei weiter unklar. Der Ausl\u00f6ser des Streits ist ebenfalls noch unbekannt. <\/p>\n<p>Die \u201eNeue Presse\u201c hatte zuerst \u00fcber den Vorfall berichtet. <\/p>\n<p><img decoding=\"async\" width=\"992\" height=\"558\" alt=\"Einsatzkr\u00e4fte sind vor Ort, die Stra\u00dfe ist derzeit gesperrt\" src=\"https:\/\/www.europesays.com\/de\/wp-content\/uploads\/2025\/10\/46afb91396a08fbcc76ba1e158211907,d514757a\"   class=\"landscape\" loading=\"lazy\"\/><\/p>\n<p class=\"fig__caption__text\">Einsatzkr\u00e4fte sind vor Ort, die Stra\u00dfe ist derzeit gesperrt <\/p>\n<p>Foto: Frank Tunnat<\/p>\n<p>Die <a href=\"https:\/\/www.bild.de\/regional\/aktuelles\/polizei\/polizeieinsatz-alle-infos-76681760.bild.html\" class=\"text-link\" target=\"_blank\" rel=\"noopener\">Polizei<\/a> Hannover best\u00e4tigte gegen\u00fcber BILD, einen Tatverd\u00e4chtigen nahe dem Tatort festgenommen zu haben. Inwiefern die Person in die Auseinandersetzung verwickelt war, werde nun gepr\u00fcft.<\/p>\n<p>\u201eAktuell laufen noch weitere Fahndungsma\u00dfnahmen\u201c, teilte ein Polizeisprecher mit. Ein Hubschrauber \u00fcberfliege die Gegend. Die Stra\u00dfe ist bis auf Weiteres gesperrt. <\/p>\n","protected":false},"excerpt":{"rendered":"Hannover (Niedersachsen) \u2013\u00a0Bei einer gewaltsamen Auseinandersetzung zweier Gruppen in Hannover am Mittwochabend fielen pl\u00f6tzlich Sch\u00fcsse. Laut Polizei kam&hellip;\n","protected":false},"author":2,"featured_media":518996,"comment_status":"","ping_status":"","sticky":false,"template":"","format":"standard","meta":{"footnotes":""},"categories":[2],"tags":[29,980,30,13,14,15,121,5995,12,9115,2127,45,10,8,9,11],"class_list":{"0":"post-518995","1":"post","2":"type-post","3":"status-publish","4":"format-standard","5":"has-post-thumbnail","7":"category-deutschland","8":"tag-deutschland","9":"tag-festnahme","10":"tag-germany","11":"tag-headlines","12":"tag-nachrichten","13":"tag-news","14":"tag-polizei","15":"tag-schiesserei","16":"tag-schlagzeilen","17":"tag-schusswaffen","18":"tag-streit","19":"tag-texttospeech","20":"tag-top-news","21":"tag-top-meldungen","22":"tag-topmeldungen","23":"tag-topnews"},"share_on_mastodon":{"url":"https:\/\/pubeurope.com\/@de\/115419403636923273","error":""},"_links":{"self":[{"href":"https:\/\/www.europesays.com\/de\/wp-json\/wp\/v2\/posts\/518995","targetHints":{"allow":["GET"]}}],"collection":[{"href":"https:\/\/www.europesays.com\/de\/wp-json\/wp\/v2\/posts"}],"about":[{"href":"https:\/\/www.europesays.com\/de\/wp-json\/wp\/v2\/types\/post"}],"author":[{"embeddable":true,"href":"https:\/\/www.europesays.com\/de\/wp-json\/wp\/v2\/users\/2"}],"replies":[{"embeddable":true,"href":"https:\/\/www.europesays.com\/de\/wp-json\/wp\/v2\/comments?post=518995"}],"version-history":[{"count":0,"href":"https:\/\/www.europesays.com\/de\/wp-json\/wp\/v2\/posts\/518995\/revisions"}],"wp:featuredmedia":[{"embeddable":true,"href":"https:\/\/www.europesays.com\/de\/wp-json\/wp\/v2\/media\/518996"}],"wp:attachment":[{"href":"https:\/\/www.europesays.com\/de\/wp-json\/wp\/v2\/media?parent=518995"}],"wp:term":[{"taxonomy":"category","embeddable":true,"href":"https:\/\/www.europesays.com\/de\/wp-json\/wp\/v2\/categories?post=518995"},{"taxonomy":"post_tag","embeddable":true,"href":"https:\/\/www.europesays.com\/de\/wp-json\/wp\/v2\/tags?post=518995"}],"curies":[{"name":"wp","href":"https:\/\/api.w.org\/{rel}","templated":true}]}}