{"id":519029,"date":"2025-10-22T19:29:11","date_gmt":"2025-10-22T19:29:11","guid":{"rendered":"https:\/\/www.europesays.com\/de\/519029\/"},"modified":"2025-10-22T19:29:11","modified_gmt":"2025-10-22T19:29:11","slug":"reisezentrum-der-bahn-schliesst-in-wuppertal-neue-ticketloesung","status":"publish","type":"post","link":"https:\/\/www.europesays.com\/de\/519029\/","title":{"rendered":"Reisezentrum der Bahn schlie\u00dft in Wuppertal: Neue Ticketl\u00f6sung?"},"content":{"rendered":"<p class=\"richtext text-em-55 !leading-serif mx-6 desktop:mx-0\">Demnach ist die Bahn im Gespr\u00e4ch mit der Transdev Vertrieb GmbH, Vertriebsdienstleister des VRR, damit Fahrg\u00e4ste auch \u00fcber den Schlie\u00dfungstermin des Reisezentrums hinaus im Wuppertaler Hauptbahnhof Tickets kaufen k\u00f6nnen. Die Vertriebsfirma Transdev betreibt eine eigene Verkaufsstelle in der Buchhandlung, die am Hauptbahnhof angesiedelt ist.<\/p>\n","protected":false},"excerpt":{"rendered":"Demnach ist die Bahn im Gespr\u00e4ch mit der Transdev Vertrieb GmbH, Vertriebsdienstleister des VRR, damit Fahrg\u00e4ste auch \u00fcber&hellip;\n","protected":false},"author":2,"featured_media":519030,"comment_status":"","ping_status":"","sticky":false,"template":"","format":"standard","meta":{"footnotes":""},"categories":[1840],"tags":[1739,128750,3884,3364,29,3600,128746,128748,30,3601,1209,43877,128744,41780,31270,128745,128749,128747,34217,4418],"class_list":{"0":"post-519029","1":"post","2":"type-post","3":"status-publish","4":"format-standard","5":"has-post-thumbnail","7":"category-wuppertal","8":"tag-bahn","9":"tag-bahnunternehmens","10":"tag-buchhandlung","11":"tag-de","12":"tag-deutschland","13":"tag-fernverkehr","14":"tag-fernverkehrskarten","15":"tag-fernverkehrstickets","16":"tag-germany","17":"tag-hauptbahnhof","18":"tag-nordrhein-westfalen","19":"tag-reisezentrum","20":"tag-reisezentrums","21":"tag-transdev","22":"tag-vertrieb","23":"tag-vertriebsdienstleister","24":"tag-vertriebsfirma","25":"tag-vertriebsportfolio","26":"tag-vrr","27":"tag-wuppertal"},"share_on_mastodon":{"url":"https:\/\/pubeurope.com\/@de\/115419477750992321","error":""},"_links":{"self":[{"href":"https:\/\/www.europesays.com\/de\/wp-json\/wp\/v2\/posts\/519029","targetHints":{"allow":["GET"]}}],"collection":[{"href":"https:\/\/www.europesays.com\/de\/wp-json\/wp\/v2\/posts"}],"about":[{"href":"https:\/\/www.europesays.com\/de\/wp-json\/wp\/v2\/types\/post"}],"author":[{"embeddable":true,"href":"https:\/\/www.europesays.com\/de\/wp-json\/wp\/v2\/users\/2"}],"replies":[{"embeddable":true,"href":"https:\/\/www.europesays.com\/de\/wp-json\/wp\/v2\/comments?post=519029"}],"version-history":[{"count":0,"href":"https:\/\/www.europesays.com\/de\/wp-json\/wp\/v2\/posts\/519029\/revisions"}],"wp:featuredmedia":[{"embeddable":true,"href":"https:\/\/www.europesays.com\/de\/wp-json\/wp\/v2\/media\/519030"}],"wp:attachment":[{"href":"https:\/\/www.europesays.com\/de\/wp-json\/wp\/v2\/media?parent=519029"}],"wp:term":[{"taxonomy":"category","embeddable":true,"href":"https:\/\/www.europesays.com\/de\/wp-json\/wp\/v2\/categories?post=519029"},{"taxonomy":"post_tag","embeddable":true,"href":"https:\/\/www.europesays.com\/de\/wp-json\/wp\/v2\/tags?post=519029"}],"curies":[{"name":"wp","href":"https:\/\/api.w.org\/{rel}","templated":true}]}}