{"id":519041,"date":"2025-10-22T19:36:54","date_gmt":"2025-10-22T19:36:54","guid":{"rendered":"https:\/\/www.europesays.com\/de\/519041\/"},"modified":"2025-10-22T19:36:54","modified_gmt":"2025-10-22T19:36:54","slug":"westbalkan-gipfel-in-london-bemuehungen-im-namen-der-eu","status":"publish","type":"post","link":"https:\/\/www.europesays.com\/de\/519041\/","title":{"rendered":"Westbalkan-Gipfel in London: Bem\u00fchungen im Namen der EU"},"content":{"rendered":"<p>FAZ+Gipfeltreffen in London : <\/p>\n<p>Britische Balkan-Bem\u00fchungen im Namen der EU<\/p>\n<p>22.10.2025, 19:52Lesezeit: 4 Min.<\/p>\n<p><img decoding=\"async\" alt=\"Bundeskanzler Friedrich Merz und der britische Premierminister Keir Starmer am Mittwoch in London\" fetchpriority=\"high\" height=\"2016\" loading=\"eager\"  src=\"https:\/\/www.europesays.com\/de\/wp-content\/uploads\/2025\/10\/bundeskanzler-friedrich-merz.jpg\" width=\"3000\" class=\"flex h-auto w-full\" tabindex=\"0\" data-selector=\"header-teaser-image\"\/>Bildbeschreibung ausklappen<\/p>\n<p>Bundeskanzler Friedrich Merz und der britische Premierminister Keir Starmer am Mittwoch in LondonAFP<\/p>\n<p class=\"xs:p1-intro sm:p1-intro-medium flex items-start gap-[10px] pb-[30px]\" data-external-selector=\"header-teaser\">Im Rahmen des \u201eBerliner Prozesses\u201c wollen die L\u00e4nder des Westlichen Balkans n\u00e4her an Europa heranr\u00fccken. Dabei helfen will ihnen ausgerechnet die britische Regierung.<\/p>\n","protected":false},"excerpt":{"rendered":"FAZ+Gipfeltreffen in London : Britische Balkan-Bem\u00fchungen im Namen der EU 22.10.2025, 19:52Lesezeit: 4 Min. Bildbeschreibung ausklappen Bundeskanzler Friedrich&hellip;\n","protected":false},"author":2,"featured_media":519042,"comment_status":"","ping_status":"","sticky":false,"template":"","format":"standard","meta":{"footnotes":""},"categories":[3976],"tags":[331,332,13,14,15,12,3992,3993,3994,3995,3996,3997],"class_list":{"0":"post-519041","1":"post","2":"type-post","3":"status-publish","4":"format-standard","5":"has-post-thumbnail","7":"category-vereinigtes-koenigreich","8":"tag-aktuelle-nachrichten","9":"tag-aktuelle-news","10":"tag-headlines","11":"tag-nachrichten","12":"tag-news","13":"tag-schlagzeilen","14":"tag-uk","15":"tag-united-kingdom","16":"tag-united-kingdom-of-great-britain-and-northern-ireland","17":"tag-vereinigtes-koenigreich","18":"tag-vereinigtes-koenigreich-grossbritannien-und-nordirland","19":"tag-vereinigtes-koenigreich-von-grossbritannien-und-nordirland"},"share_on_mastodon":{"url":"https:\/\/pubeurope.com\/@de\/115419509619259784","error":""},"_links":{"self":[{"href":"https:\/\/www.europesays.com\/de\/wp-json\/wp\/v2\/posts\/519041","targetHints":{"allow":["GET"]}}],"collection":[{"href":"https:\/\/www.europesays.com\/de\/wp-json\/wp\/v2\/posts"}],"about":[{"href":"https:\/\/www.europesays.com\/de\/wp-json\/wp\/v2\/types\/post"}],"author":[{"embeddable":true,"href":"https:\/\/www.europesays.com\/de\/wp-json\/wp\/v2\/users\/2"}],"replies":[{"embeddable":true,"href":"https:\/\/www.europesays.com\/de\/wp-json\/wp\/v2\/comments?post=519041"}],"version-history":[{"count":0,"href":"https:\/\/www.europesays.com\/de\/wp-json\/wp\/v2\/posts\/519041\/revisions"}],"wp:featuredmedia":[{"embeddable":true,"href":"https:\/\/www.europesays.com\/de\/wp-json\/wp\/v2\/media\/519042"}],"wp:attachment":[{"href":"https:\/\/www.europesays.com\/de\/wp-json\/wp\/v2\/media?parent=519041"}],"wp:term":[{"taxonomy":"category","embeddable":true,"href":"https:\/\/www.europesays.com\/de\/wp-json\/wp\/v2\/categories?post=519041"},{"taxonomy":"post_tag","embeddable":true,"href":"https:\/\/www.europesays.com\/de\/wp-json\/wp\/v2\/tags?post=519041"}],"curies":[{"name":"wp","href":"https:\/\/api.w.org\/{rel}","templated":true}]}}