{"id":519163,"date":"2025-10-22T21:01:21","date_gmt":"2025-10-22T21:01:21","guid":{"rendered":"https:\/\/www.europesays.com\/de\/519163\/"},"modified":"2025-10-22T21:01:21","modified_gmt":"2025-10-22T21:01:21","slug":"b10-baustelle-suedlicher-radweg-an-der-albbruecke-wird-freigegeben-karlsruhe","status":"publish","type":"post","link":"https:\/\/www.europesays.com\/de\/519163\/","title":{"rendered":"B10-Baustelle: S\u00fcdlicher Radweg an der Albbr\u00fccke wird freigegeben &#8211; Karlsruhe"},"content":{"rendered":"<p><b\/> Der im Zuge der Erneuerung des \u00dcberbaus der Albbr\u00fccke vor\u00fcbergehend gesperrte s\u00fcdliche Radweg  zwischen Rheinbr\u00fccke und Anschlussstelle 11 sowie der Abfahrt zum Verkehrs\u00fcbungsplatz wird am Donnerstag, 23. Oktober, fertiggestellt und f\u00fcr den Radverkehr ge\u00f6ffnet. Das hat das Regierungspr\u00e4sidium <a class=\"rtr-entity\" data-rtr-entity=\"Karlsruhe\" data-rtr-id=\"80c7016b06fa35b3df6c5c0b41fd6df26fb493b1\" data-rtr-score=\"54.53929539295393\" data-rtr-etype=\"location\" data-rtr-index=\"12\" href=\"https:\/\/www.rheinpfalz.de\/themen\/karlsruhe?utm_source=rheinpfalz.de&amp;utm_medium=tms&amp;utm_campaign=intext\" target=\"_blank\" rel=\"noopener\">Karlsruhe<\/a> mitgeteilt. Hinter der Anschlussstelle 11 wird der Radverkehr in Richtung Karlsruhe weiterhin \u00fcber den parallel zur B10 laufenden Fahrradweg im S\u00fcden umgeleitet, hei\u00dft es weiter. <\/p>\n<p>Das Regierungspr\u00e4sidium Karlsruhe ersetzt derzeit den \u00dcberbau der Albbr\u00fccke an der B10 in Karlsruhe zwischen den Anschlussstellen 10 (Raffinerien) und 11 (Karlsruhe-Maxau). Zeitgleich werden die Radwege entlang der Bundesstra\u00dfe zwischen Knielingen und der Rheinbr\u00fccke Maxau ausgebaut. Der <a href=\"https:\/\/www.rheinpfalz.de\/lokal\/kreis-germersheim_artikel,-albbr%C3%BCcke-n%C3%B6rdlicher-radweg-an-b10-wieder-freigegeben-_arid,5796041.html\" target=\"_blank\" class=\"external-link-new-window\" title=\"\" rel=\"noopener\">n\u00f6rdliche Radweg in Fahrtrichtung W\u00f6rth wurde bereits fertiggestellt<\/a> und f\u00fcr den Radverkehr ge\u00f6ffnet. <\/p>\n","protected":false},"excerpt":{"rendered":"Der im Zuge der Erneuerung des \u00dcberbaus der Albbr\u00fccke vor\u00fcbergehend gesperrte s\u00fcdliche Radweg zwischen Rheinbr\u00fccke und Anschlussstelle 11&hellip;\n","protected":false},"author":2,"featured_media":519164,"comment_status":"","ping_status":"","sticky":false,"template":"","format":"standard","meta":{"footnotes":""},"categories":[1844],"tags":[84853,1634,3364,29,30,8903,4060,8733],"class_list":{"0":"post-519163","1":"post","2":"type-post","3":"status-publish","4":"format-standard","5":"has-post-thumbnail","7":"category-karlsruhe","8":"tag-albbruecke","9":"tag-baden-wuerttemberg","10":"tag-de","11":"tag-deutschland","12":"tag-germany","13":"tag-karlsruhe","14":"tag-lokal","15":"tag-radweg"},"share_on_mastodon":{"url":"https:\/\/pubeurope.com\/@de\/115419839406034110","error":""},"_links":{"self":[{"href":"https:\/\/www.europesays.com\/de\/wp-json\/wp\/v2\/posts\/519163","targetHints":{"allow":["GET"]}}],"collection":[{"href":"https:\/\/www.europesays.com\/de\/wp-json\/wp\/v2\/posts"}],"about":[{"href":"https:\/\/www.europesays.com\/de\/wp-json\/wp\/v2\/types\/post"}],"author":[{"embeddable":true,"href":"https:\/\/www.europesays.com\/de\/wp-json\/wp\/v2\/users\/2"}],"replies":[{"embeddable":true,"href":"https:\/\/www.europesays.com\/de\/wp-json\/wp\/v2\/comments?post=519163"}],"version-history":[{"count":0,"href":"https:\/\/www.europesays.com\/de\/wp-json\/wp\/v2\/posts\/519163\/revisions"}],"wp:featuredmedia":[{"embeddable":true,"href":"https:\/\/www.europesays.com\/de\/wp-json\/wp\/v2\/media\/519164"}],"wp:attachment":[{"href":"https:\/\/www.europesays.com\/de\/wp-json\/wp\/v2\/media?parent=519163"}],"wp:term":[{"taxonomy":"category","embeddable":true,"href":"https:\/\/www.europesays.com\/de\/wp-json\/wp\/v2\/categories?post=519163"},{"taxonomy":"post_tag","embeddable":true,"href":"https:\/\/www.europesays.com\/de\/wp-json\/wp\/v2\/tags?post=519163"}],"curies":[{"name":"wp","href":"https:\/\/api.w.org\/{rel}","templated":true}]}}