{"id":519184,"date":"2025-10-22T21:14:11","date_gmt":"2025-10-22T21:14:11","guid":{"rendered":"https:\/\/www.europesays.com\/de\/519184\/"},"modified":"2025-10-22T21:14:11","modified_gmt":"2025-10-22T21:14:11","slug":"drei-haeftlinge-nach-drohungen-gegen-sarkozy-in-gewahrsam-frankreich","status":"publish","type":"post","link":"https:\/\/www.europesays.com\/de\/519184\/","title":{"rendered":"Drei H\u00e4ftlinge nach Drohungen gegen Sarkozy in Gewahrsam &#8211; Frankreich"},"content":{"rendered":"<p>Paris \u2013 Drei Insassen des Gef\u00e4ngnisses La Sant\u00e9 befinden sich Medienberichten zufolge wegen mutma\u00dflicher Drohungen gegen den franz\u00f6sischen Ex-Pr\u00e4sidenten Nicolas Sarkozy nach seinem Haftantritt in Polizeigewahrsam. Ein Video in sozialen Netzwerken zeige Beleidigungen und Drohungen gegen Sarkozy bei seiner Ankunft in dem Pariser Gef\u00e4ngnis, berichteten mehrere franz\u00f6sische Sender unter Berufung auf die Staatsanwaltschaft.<\/p>\n","protected":false},"excerpt":{"rendered":"Paris \u2013 Drei Insassen des Gef\u00e4ngnisses La Sant\u00e9 befinden sich Medienberichten zufolge wegen mutma\u00dflicher Drohungen gegen den franz\u00f6sischen&hellip;\n","protected":false},"author":2,"featured_media":519185,"comment_status":"","ping_status":"","sticky":false,"template":"","format":"standard","meta":{"footnotes":""},"categories":[3974],"tags":[331,332,548,663,3934,3980,156,13,14,15,12],"class_list":{"0":"post-519184","1":"post","2":"type-post","3":"status-publish","4":"format-standard","5":"has-post-thumbnail","7":"category-frankreich","8":"tag-aktuelle-nachrichten","9":"tag-aktuelle-news","10":"tag-eu","11":"tag-europa","12":"tag-europe","13":"tag-france","14":"tag-frankreich","15":"tag-headlines","16":"tag-nachrichten","17":"tag-news","18":"tag-schlagzeilen"},"share_on_mastodon":{"url":"https:\/\/pubeurope.com\/@de\/115419890507651233","error":""},"_links":{"self":[{"href":"https:\/\/www.europesays.com\/de\/wp-json\/wp\/v2\/posts\/519184","targetHints":{"allow":["GET"]}}],"collection":[{"href":"https:\/\/www.europesays.com\/de\/wp-json\/wp\/v2\/posts"}],"about":[{"href":"https:\/\/www.europesays.com\/de\/wp-json\/wp\/v2\/types\/post"}],"author":[{"embeddable":true,"href":"https:\/\/www.europesays.com\/de\/wp-json\/wp\/v2\/users\/2"}],"replies":[{"embeddable":true,"href":"https:\/\/www.europesays.com\/de\/wp-json\/wp\/v2\/comments?post=519184"}],"version-history":[{"count":0,"href":"https:\/\/www.europesays.com\/de\/wp-json\/wp\/v2\/posts\/519184\/revisions"}],"wp:featuredmedia":[{"embeddable":true,"href":"https:\/\/www.europesays.com\/de\/wp-json\/wp\/v2\/media\/519185"}],"wp:attachment":[{"href":"https:\/\/www.europesays.com\/de\/wp-json\/wp\/v2\/media?parent=519184"}],"wp:term":[{"taxonomy":"category","embeddable":true,"href":"https:\/\/www.europesays.com\/de\/wp-json\/wp\/v2\/categories?post=519184"},{"taxonomy":"post_tag","embeddable":true,"href":"https:\/\/www.europesays.com\/de\/wp-json\/wp\/v2\/tags?post=519184"}],"curies":[{"name":"wp","href":"https:\/\/api.w.org\/{rel}","templated":true}]}}