{"id":519273,"date":"2025-10-22T22:08:13","date_gmt":"2025-10-22T22:08:13","guid":{"rendered":"https:\/\/www.europesays.com\/de\/519273\/"},"modified":"2025-10-22T22:08:13","modified_gmt":"2025-10-22T22:08:13","slug":"schock-fuer-preussen-urgestein-scherder-mit-drittem-kreuzbandriss-sport","status":"publish","type":"post","link":"https:\/\/www.europesays.com\/de\/519273\/","title":{"rendered":"Schock f\u00fcr Preu\u00dfen: \u201eUrgestein\u201c Scherder mit drittem Kreuzbandriss! | Sport"},"content":{"rendered":"<p>In mehr als 13 Profi-Jahren im \u201eAdlertrikot\u201c hat sich Simon Scherder (32) bei den Fans zurecht den Ehrentitel \u201eFu\u00dfballgott\u201c erworben. Doch genau der hat ihn nun offenbar verlassen. Ausgerechnet auf dem H\u00f6hepunkt seiner Karriere&#8230;<\/p>\n<p>Auch interessant<\/p>\n<p>Anzeige<\/p>\n<p>Auch interessant<\/p>\n<p>Anzeige<\/p>\n<p><b>Schock-Nachricht f\u00fcr Preu\u00dfen. \u201eUrgestein\u201c Scherder mit drittem Kreuzbandriss!<\/b><\/p>\n<p>Wie bitter ist das denn? F\u00fcr M\u00fcnsters Innenverteidiger (316 Pflichstspiele f\u00fcr Preu\u00dfen) ist die Saison bereits beendet. Wom\u00f6glich sogar die Karriere. Beim Training am Mittwochnachmittag zog sich Scherder einen Kreuzbandriss im linken Knie zu. Bereits der Dritte seiner Laufbahn.<\/p>\n<p>Exakt vor zehn Jahren \u2013 im Juni 2015 \u2013 hatte es ihn erstmals erwischt. Mit viel Flei\u00df und Ehrgeiz k\u00e4mpfte er sich damals zur\u00fcck, feierte neun Monate sp\u00e4ter sein Comeback. Wobei \u2013 von feiern konnte keine Rede. Denn gleich bei seinem ersten Einsatz im Testspiel gegen Holland-Klub (3:0) schlug das Schicksal wieder gnadenlos zu. Gerade mal sieben Minuten auf dem Platz, riss das Kreuzband erneut. Insgesamt zwei Jahre musste sich der geb\u00fcrtige H\u00f6rsteler durch die Tiefen und H\u00f6hen einer langwierigen Reha ackern, ehe er im April 2017 endg\u00fcltig auf den Rasen zur\u00fcckkehrte. Und seitdem von gr\u00f6\u00dferen Verletzungen verschont blieb. Bis jetzt&#8230;<\/p>\n<p><img decoding=\"async\" width=\"992\" height=\"558\" alt=\"Beim 2:2 gegen Dresden am vergangenen Samstag zeigte Simon Scherder (r.), hier im Duell mit Dresdens Christoph Daferner, noch eine starke k\u00e4mpferische Leistung\" src=\"https:\/\/www.europesays.com\/de\/wp-content\/uploads\/2025\/10\/f273ff488dd767d799a03678616eebea,1b3157b2\"   class=\"landscape\" loading=\"lazy\"\/><\/p>\n<p class=\"fig__caption__text\">Beim 2:2 gegen Dresden am vergangenen Samstag zeigte Simon Scherder (r.), hier im Duell mit Dresdens Christoph Daferner, noch eine starke k\u00e4mpferische Leistung<\/p>\n<p>Foto: ddp\/Revierfoto<\/p>\n<p><b>Nach einem normalen Trainings-Zweikampf ging Scherder pl\u00f6tzlich zu Boden, hielt sich das Knie. Sp\u00fcrte einen stechenden Schmerz. Der Schrecken stand dabei ihm und alle Beteiligten ins Gesicht geschrieben. Die sofortige MRT-Untersuchung best\u00e4tigte schlie\u00dflich den b\u00f6sen Verdacht. Kreuzband wieder durch. Operation unausweichlich. Monatelange Zwangspause.<\/b><\/p>\n<p>Ein herber R\u00fcckschlag \u2013 nicht nur f\u00fcr M\u00fcnsters \u201eUrgestein\u201c. Sondern f\u00fcr ganz Preu\u00dfen. Schlie\u00dflich hatte sich Scherder gerade erst so richtig in die Startelf gearbeitet. Und selbst Neu-Coach Alexander Ende (46), der bei seinem Amtsantritt ob seiner Zweitliga-Tauglichkeit noch leicht skeptisch gewesen war, von seinen Qualit\u00e4ten voll und ganz \u00fcberzeugt. F\u00fcr das Sonntagsspiel in Magdeburg (13:30 Uhr\/live bei Sky) war er jedenfalls sicher gesetzt.<\/p>\n<p><img decoding=\"async\" width=\"992\" height=\"558\" alt=\"Simon Scherder auf dem Zaun! Die Fans feiern ihn als \u201eFu\u00dfballgott\u201c, wissen vor allem seine Vereinstreue zu sch\u00e4tzen\" src=\"https:\/\/www.europesays.com\/de\/wp-content\/uploads\/2025\/10\/5d9c7c8395dbf68230df3662e3895a81,495a5e3c\"   class=\"landscape\" loading=\"lazy\"\/><\/p>\n<p class=\"fig__caption__text\">Simon Scherder auf dem Zaun! Die Fans feiern ihn als \u201eFu\u00dfballgott\u201c, wissen vor allem seine Vereinstreue zu sch\u00e4tzen<\/p>\n<p>Foto: Marco Steinbrenner\/DeFodi Images<\/p>\n<p>Wie es genau mit ihm weitergeht, wann und wo die OP durchgef\u00fchrt wird, muss in den n\u00e4chsten Tagen gekl\u00e4rt werden. Und klar, auch die psychische Verfassung des eigentlich so eisenharten Verteidigers (Marktwert: 250.000 Euro) spielt dabei eine wichtige Rolle. Doch wer \u201eFu\u00dfballgott\u201c Scherder kennt, wei\u00df, dass er nicht freiwillig aufsteckt. Sondern alles daf\u00fcr tun wird, um zum dritten Mal aus einer so schweren Verletzung zur\u00fcckkommen.<\/p>\n<p><b>Zu gro\u00df war bei ihm unter anderem auch die Freude dar\u00fcber, mit Preu\u00dfen auf \u201eseine alten Tage\u201c tats\u00e4chlich erstmals noch den Sprung in die 2. Liga gepackt zu haben. \u201eIch hab&#8216; mir und allen bewiesen, dass ich es kann,\u201c freute sich der ehrgeizige Kult-Kicker \u00fcber den gr\u00f6\u00dften Erfolg seiner Karriere. Die er garantiert nicht an Kr\u00fccken beenden will&#8230;<\/b><\/p>\n<p>Zudem hat er mit Ex-Kollege Dennis Grote (39) ein perfektes Vorbild. Auch der riss sich Sommer 2023 im fortgeschrittenen Alter von sogar 37 Jahren das Kreuzband \u2013 und stand knapp sieben Monate sp\u00e4ter wieder auf dem Platz&#8230;<\/p>\n","protected":false},"excerpt":{"rendered":"In mehr als 13 Profi-Jahren im \u201eAdlertrikot\u201c hat sich Simon Scherder (32) bei den Fans zurecht den Ehrentitel&hellip;\n","protected":false},"author":2,"featured_media":519274,"comment_status":"","ping_status":"","sticky":false,"template":"","format":"standard","meta":{"footnotes":""},"categories":[136],"tags":[7973,7658,7665,7659,7654,29,481,5085,30,7662,7660,7661,8970,7653,7655,7650,7651,7656,265,819,7657,7652,45,784],"class_list":{"0":"post-519273","1":"post","2":"type-post","3":"status-publish","4":"format-standard","5":"has-post-thumbnail","7":"category-sport","8":"tag-1-fc-magdeburg","9":"tag-alsmann-goetz","10":"tag-amenyido-etienne","11":"tag-brinkmann-ansgar","12":"tag-daube-dennis","13":"tag-deutschland","14":"tag-dfb","15":"tag-dfl","16":"tag-germany","17":"tag-hendrix-jorrit","18":"tag-kirkeskov-mikkel","19":"tag-mees-joshua","20":"tag-muenster","21":"tag-niemeyer-peter","22":"tag-pander-christian","23":"tag-preussen-muenster","24":"tag-preussenstadion","25":"tag-schuth-joachim","26":"tag-sport","27":"tag-sport-leuchtturm-essen","28":"tag-sport-bild","29":"tag-straesser-christoph","30":"tag-texttospeech","31":"tag-zweite-bundesliga"},"share_on_mastodon":{"url":"https:\/\/pubeurope.com\/@de\/115420104472186711","error":""},"_links":{"self":[{"href":"https:\/\/www.europesays.com\/de\/wp-json\/wp\/v2\/posts\/519273","targetHints":{"allow":["GET"]}}],"collection":[{"href":"https:\/\/www.europesays.com\/de\/wp-json\/wp\/v2\/posts"}],"about":[{"href":"https:\/\/www.europesays.com\/de\/wp-json\/wp\/v2\/types\/post"}],"author":[{"embeddable":true,"href":"https:\/\/www.europesays.com\/de\/wp-json\/wp\/v2\/users\/2"}],"replies":[{"embeddable":true,"href":"https:\/\/www.europesays.com\/de\/wp-json\/wp\/v2\/comments?post=519273"}],"version-history":[{"count":0,"href":"https:\/\/www.europesays.com\/de\/wp-json\/wp\/v2\/posts\/519273\/revisions"}],"wp:featuredmedia":[{"embeddable":true,"href":"https:\/\/www.europesays.com\/de\/wp-json\/wp\/v2\/media\/519274"}],"wp:attachment":[{"href":"https:\/\/www.europesays.com\/de\/wp-json\/wp\/v2\/media?parent=519273"}],"wp:term":[{"taxonomy":"category","embeddable":true,"href":"https:\/\/www.europesays.com\/de\/wp-json\/wp\/v2\/categories?post=519273"},{"taxonomy":"post_tag","embeddable":true,"href":"https:\/\/www.europesays.com\/de\/wp-json\/wp\/v2\/tags?post=519273"}],"curies":[{"name":"wp","href":"https:\/\/api.w.org\/{rel}","templated":true}]}}