{"id":519591,"date":"2025-10-23T01:12:24","date_gmt":"2025-10-23T01:12:24","guid":{"rendered":"https:\/\/www.europesays.com\/de\/519591\/"},"modified":"2025-10-23T01:12:24","modified_gmt":"2025-10-23T01:12:24","slug":"pol-ka-ka-karlsruhe-weiherfeld-fehlalarm-an-weiherwaldschule","status":"publish","type":"post","link":"https:\/\/www.europesays.com\/de\/519591\/","title":{"rendered":"POL-KA: (KA) Karlsruhe-Weiherfeld &#8211; Fehlalarm an Weiherwaldschule"},"content":{"rendered":"<p class=\"date\">22.10.2025 \u2013 15:25<\/p>\n<p class=\"customer\">\n                        <a class=\"story-customer\" title=\"weiter zum newsroom von Polizeipr\u00e4sidium Karlsruhe\" href=\"https:\/\/www.presseportal.de\/blaulicht\/nr\/110972\" rel=\"nofollow noopener\" target=\"_blank\">Polizeipr\u00e4sidium Karlsruhe<\/a>\n                    <\/p>\n<p><a data-category=\"citylink-story-view\" data-action=\"click\" data-label=\"Citylink in Meldungsansicht\" class=\"story-city event-trigger\" href=\"https:\/\/www.presseportal.de\/regional\/Karlsruhe\" title=\"News aus Karlsruhe \" rel=\"nofollow noopener\" target=\"_blank\">Karlsruhe<\/a> (ots)<\/p>\n<p>Im Rahmen des regul\u00e4ren Schulbetriebes ert\u00f6nte am Mittwochmittag ein Alarmsignal an einer Schule und sorgte kurzzeitig f\u00fcr einen Gro\u00dfeinsatz der Polizei.<\/p>\n<p>Nach aktuellen Erkenntnissen wurde gegen 14:10 Uhr im Scheibenhardter Weg aufgrund eines Handhabungsfehlers f\u00e4lschlicherweise ein Alarm in der Weiherwaldschule ausgel\u00f6st.<\/p>\n<p>Zum Zeitpunkt der Alarmausl\u00f6sung befanden sich etwa 120 Sch\u00fcler und 14 Besch\u00e4ftigte des Schulpersonals im Geb\u00e4ude. Diese verblieben gem\u00e4\u00df den Sicherheitsbestimmungen in ihren jeweiligen Klassenr\u00e4umen.<\/p>\n<p>Die Einsatzkr\u00e4fte der Polizei betraten gegen 14:30 Uhr das Schulgeb\u00e4ude und \u00fcberpr\u00fcften die R\u00e4ume. In diesem Zuge wurde bekannt, dass es sich um einen Fehlalarm handelte.<\/p>\n<p>Franz Henke, Pressestelle<\/p>\n<p class=\"contact-headline\">R\u00fcckfragen bitte an:<\/p>\n<p class=\"contact-text\">Polizeipr\u00e4sidium Karlsruhe<br \/>Telefon: 0721 666-1111<br \/>E-Mail: <a href=\"https:\/\/www.presseportal.de\/blaulicht\/pm\/110972\/mailto: pressestelle.ka@polizei.bwl.de\" class=\"uri-mailto\" rel=\"nofollow noopener\" target=\"_blank\"> pressestelle.ka@polizei.bwl.de<\/a><br \/><a target=\"_blank\" class=\"uri-ext outbound\" rel=\"noopener nofollow\" href=\"http:\/\/www.polizei-bw.de\/\">http:\/\/www.polizei-bw.de\/<\/a><\/p>\n<p class=\"originator\">Original-Content von: Polizeipr\u00e4sidium Karlsruhe, \u00fcbermittelt durch news aktuell<\/p>\n","protected":false},"excerpt":{"rendered":"22.10.2025 \u2013 15:25 Polizeipr\u00e4sidium Karlsruhe Karlsruhe (ots) Im Rahmen des regul\u00e4ren Schulbetriebes ert\u00f6nte am Mittwochmittag ein Alarmsignal an&hellip;\n","protected":false},"author":2,"featured_media":386213,"comment_status":"","ping_status":"","sticky":false,"template":"","format":"standard","meta":{"footnotes":""},"categories":[1844],"tags":[1634,6187,3364,29,30,8903,177,121,178,180,179,181],"class_list":{"0":"post-519591","1":"post","2":"type-post","3":"status-publish","4":"format-standard","5":"has-post-thumbnail","7":"category-karlsruhe","8":"tag-baden-wuerttemberg","9":"tag-bw","10":"tag-de","11":"tag-deutschland","12":"tag-germany","13":"tag-karlsruhe","14":"tag-kriminalitt","15":"tag-polizei","16":"tag-presse","17":"tag-pressemeldung","18":"tag-pressemitteilung","19":"tag-pressemitteilungen"},"share_on_mastodon":{"url":"https:\/\/pubeurope.com\/@de\/115420826522211436","error":""},"_links":{"self":[{"href":"https:\/\/www.europesays.com\/de\/wp-json\/wp\/v2\/posts\/519591","targetHints":{"allow":["GET"]}}],"collection":[{"href":"https:\/\/www.europesays.com\/de\/wp-json\/wp\/v2\/posts"}],"about":[{"href":"https:\/\/www.europesays.com\/de\/wp-json\/wp\/v2\/types\/post"}],"author":[{"embeddable":true,"href":"https:\/\/www.europesays.com\/de\/wp-json\/wp\/v2\/users\/2"}],"replies":[{"embeddable":true,"href":"https:\/\/www.europesays.com\/de\/wp-json\/wp\/v2\/comments?post=519591"}],"version-history":[{"count":0,"href":"https:\/\/www.europesays.com\/de\/wp-json\/wp\/v2\/posts\/519591\/revisions"}],"wp:featuredmedia":[{"embeddable":true,"href":"https:\/\/www.europesays.com\/de\/wp-json\/wp\/v2\/media\/386213"}],"wp:attachment":[{"href":"https:\/\/www.europesays.com\/de\/wp-json\/wp\/v2\/media?parent=519591"}],"wp:term":[{"taxonomy":"category","embeddable":true,"href":"https:\/\/www.europesays.com\/de\/wp-json\/wp\/v2\/categories?post=519591"},{"taxonomy":"post_tag","embeddable":true,"href":"https:\/\/www.europesays.com\/de\/wp-json\/wp\/v2\/tags?post=519591"}],"curies":[{"name":"wp","href":"https:\/\/api.w.org\/{rel}","templated":true}]}}