{"id":519594,"date":"2025-10-23T01:14:25","date_gmt":"2025-10-23T01:14:25","guid":{"rendered":"https:\/\/www.europesays.com\/de\/519594\/"},"modified":"2025-10-23T01:14:25","modified_gmt":"2025-10-23T01:14:25","slug":"muenster-zoll-entdeckt-gestohlene-suessigkeiten-auf-b54-regional","status":"publish","type":"post","link":"https:\/\/www.europesays.com\/de\/519594\/","title":{"rendered":"M\u00fcnster: Zoll entdeckt gestohlene S\u00fc\u00dfigkeiten auf B54 | Regional"},"content":{"rendered":"<p>Gronau \u2013 <b>Ein Auto voller S\u00fc\u00dfigkeiten sorgte f\u00fcr Aufsehen beim Zoll auf der B54 nahe der niederl\u00e4ndischen Grenze.<\/b><\/p>\n<p>Die Z\u00f6llner stoppten das Fahrzeug kurz hinter der Grenze und staunten nicht schlecht: Der Kofferraum war bis obenhin mit Schokolade und Kaugummis gef\u00fcllt. Verena John, Pressesprecherin des Hauptzollamts M\u00fcnster, erkl\u00e4rte: \u00abAls der Fahrer den Kofferraum \u00f6ffnete, erlebten die Kolleginnen und Kollegen eine s\u00fc\u00dfe \u00dcberraschung. Denn dieser war komplett mit Schokolade und Kaugummis ausgef\u00fcllt.\u00bb<\/p>\n<p>Auch interessant<\/p>\n<p>Anzeige<\/p>\n<p>Auch interessant<\/p>\n<p>Anzeige<\/p>\n<p>Die beiden 28-j\u00e4hrigen Insassen behaupteten, die Ware auf einem Parkplatz in den Niederlanden gekauft zu haben. Doch die ungew\u00f6hnliche Einkaufsst\u00e4tte und die lose Lagerung der S\u00fc\u00dfigkeiten lie\u00dfen die Beamten misstrauisch werden. \u00abAufgrund der Umst\u00e4nde gingen die Kolleginnen und Kollegen davon aus, dass es sich hier um gestohlene Waren handelt\u00bb, so John weiter.<\/p>\n<p>Die beiden Reisenden wurden vorl\u00e4ufig in Gewahrsam genommen. Die Kriminalpolizei in Gronau hat die Ermittlungen \u00fcbernommen.<\/p>\n<p>Dieser Text basiert auf einer offiziellen Beh\u00f6rden-Information und wurde mit Hilfe von KI erstellt.<\/p>\n","protected":false},"excerpt":{"rendered":"Gronau \u2013 Ein Auto voller S\u00fc\u00dfigkeiten sorgte f\u00fcr Aufsehen beim Zoll auf der B54 nahe der niederl\u00e4ndischen Grenze.&hellip;\n","protected":false},"author":2,"featured_media":463505,"comment_status":"","ping_status":"","sticky":false,"template":"","format":"standard","meta":{"footnotes":""},"categories":[1843],"tags":[3364,29,1686,30,2509,8970,1209,121,45,1995],"class_list":{"0":"post-519594","1":"post","2":"type-post","3":"status-publish","4":"format-standard","5":"has-post-thumbnail","7":"category-muenster","8":"tag-de","9":"tag-deutschland","10":"tag-diebstahl","11":"tag-germany","12":"tag-ki-ots","13":"tag-muenster","14":"tag-nordrhein-westfalen","15":"tag-polizei","16":"tag-texttospeech","17":"tag-verbrechen"},"share_on_mastodon":{"url":"https:\/\/pubeurope.com\/@de\/115420834410407469","error":""},"_links":{"self":[{"href":"https:\/\/www.europesays.com\/de\/wp-json\/wp\/v2\/posts\/519594","targetHints":{"allow":["GET"]}}],"collection":[{"href":"https:\/\/www.europesays.com\/de\/wp-json\/wp\/v2\/posts"}],"about":[{"href":"https:\/\/www.europesays.com\/de\/wp-json\/wp\/v2\/types\/post"}],"author":[{"embeddable":true,"href":"https:\/\/www.europesays.com\/de\/wp-json\/wp\/v2\/users\/2"}],"replies":[{"embeddable":true,"href":"https:\/\/www.europesays.com\/de\/wp-json\/wp\/v2\/comments?post=519594"}],"version-history":[{"count":0,"href":"https:\/\/www.europesays.com\/de\/wp-json\/wp\/v2\/posts\/519594\/revisions"}],"wp:featuredmedia":[{"embeddable":true,"href":"https:\/\/www.europesays.com\/de\/wp-json\/wp\/v2\/media\/463505"}],"wp:attachment":[{"href":"https:\/\/www.europesays.com\/de\/wp-json\/wp\/v2\/media?parent=519594"}],"wp:term":[{"taxonomy":"category","embeddable":true,"href":"https:\/\/www.europesays.com\/de\/wp-json\/wp\/v2\/categories?post=519594"},{"taxonomy":"post_tag","embeddable":true,"href":"https:\/\/www.europesays.com\/de\/wp-json\/wp\/v2\/tags?post=519594"}],"curies":[{"name":"wp","href":"https:\/\/api.w.org\/{rel}","templated":true}]}}