{"id":519621,"date":"2025-10-23T01:31:12","date_gmt":"2025-10-23T01:31:12","guid":{"rendered":"https:\/\/www.europesays.com\/de\/519621\/"},"modified":"2025-10-23T01:31:12","modified_gmt":"2025-10-23T01:31:12","slug":"deutschland-merz-praezisiert-aussagen-in-stadtbild-debatte-politik","status":"publish","type":"post","link":"https:\/\/www.europesays.com\/de\/519621\/","title":{"rendered":"Deutschland: Merz pr\u00e4zisiert Aussagen in \u201eStadtbild\u201c-Debatte &#8211; Politik"},"content":{"rendered":"<p>In der Debatte um seine umstrittenen \u201eStadtbild\u201c-\u00c4u\u00dferungen hat Bundeskanzler Friedrich Merz seine Position am Montag bekr\u00e4ftigt. \u201eIch habe gar nichts zur\u00fcckzunehmen\u201c, sagte der CDU-Politiker. \u201eFragen Sie mal Ihre T\u00f6chter, was ich damit gemeint haben k\u00f6nnte.\u201c Ohne konkret zu werden, erkl\u00e4rte er: \u201eAlle best\u00e4tigen, dass das ein Problem ist, sp\u00e4testens mit Einbruch der Dunkelheit.\u201c Daran m\u00fcsse man etwas \u00e4ndern, unterstrich Merz weiter. <\/p>\n<p>Merz hatte in der vergangenen Woche gesagt, dass man Vers\u00e4umnisse in der Migrationspolitik korrigiere. \u201eAber wir haben nat\u00fcrlich immer im Stadtbild noch dieses Problem, und deswegen ist der Bundesinnenminister ja auch dabei, jetzt in sehr gro\u00dfem Umfang auch R\u00fcckf\u00fchrungen zu erm\u00f6glichen und durchzuf\u00fchren\u201c, so der Kanzler. <\/p>\n<p>F\u00fcr seine Aussagen war Merz harsch kritisiert worden, zuletzt auch von Belit Onay, dem Oberb\u00fcrgermeister von Hannover. \u201eDer Bundeskanzler schlie\u00dft vom Aussehen eines Menschen auf seine Zugeh\u00f6rigkeit und sein gesetzeskonformes Verhalten. Ich hatte gehofft, eine derartige Haltung h\u00e4tten wir \u00fcberwunden\u201c, sagte der Gr\u00fcnen-Politiker. <\/p>\n<p>Auch aus den Reihen der CDU kam Widerspruch. Der Chef des CDU-Sozialfl\u00fcgels, Dennis Radtke, forderte einen anderen Stil von Merz. \u201eNat\u00fcrlich haben wir an vielen Stellen ein verst\u00f6rendes Stadtbild, aber zu suggerieren, dies w\u00fcrde sich durch Abschiebungen \u00e4ndern, ist zu kurz gesprungen, erweckt unerf\u00fcllbare Erwartungen und wird der Komplexit\u00e4t des Problems nicht gerecht\u201c, sagte Radtke den Zeitungen der Funke-Mediengruppe.<\/p>\n<p>Bundesinnenminister Alexander Dobrindt (CSU) stellte sich derweil an die Seite des Kanzlers. Der Bild sagte er, dass die illegale Migration das Erscheinungsbild unserer St\u00e4dte ver\u00e4ndert habe, sei Tatsache.\u00a0<\/p>\n<p>Am Montagnachmittag hatte sich Merz ausdr\u00fccklich f\u00fcr eine Einwanderung ausl\u00e4ndischer Arbeitskr\u00e4fte ausgesprochen. Menschen aus anderen L\u00e4ndern und Kulturkreisen w\u00fcrden dankbar aufgenommen, \u201ewenn sie in Deutschland leben wollen, wenn sie in Deutschland arbeiten wollen und wenn sie bereit sind, sich in unsere Gesellschaft zu integrieren\u201c, sagte der Bundeskanzler in einer Rede vor der Industriegewerkschaft Bergbau, Chemie, Energie (IGBCE) in Hannover.<\/p>\n","protected":false},"excerpt":{"rendered":"In der Debatte um seine umstrittenen \u201eStadtbild\u201c-\u00c4u\u00dferungen hat Bundeskanzler Friedrich Merz seine Position am Montag bekr\u00e4ftigt. \u201eIch habe&hellip;\n","protected":false},"author":2,"featured_media":519622,"comment_status":"","ping_status":"","sticky":false,"template":"","format":"standard","meta":{"footnotes":""},"categories":[2],"tags":[331,3924,332,3922,12844,1173,1180,31,774,3364,29,8058,775,30,13,148,8059,14,3923,15,3921,16,1181,12,184,149],"class_list":{"0":"post-519621","1":"post","2":"type-post","3":"status-publish","4":"format-standard","5":"has-post-thumbnail","7":"category-deutschland","8":"tag-aktuelle-nachrichten","9":"tag-aktuelle-nachrichten-aus-deutschland","10":"tag-aktuelle-news","11":"tag-aktuelle-news-aus-deutschland","12":"tag-bundeskanzler","13":"tag-bundesregierung","14":"tag-bundestag","15":"tag-cdu","16":"tag-csu","17":"tag-de","18":"tag-deutschland","19":"tag-flucht-und-migration","20":"tag-friedrich-merz","21":"tag-germany","22":"tag-headlines","23":"tag-leserdiskussion","24":"tag-migrations-und-asylpolitik","25":"tag-nachrichten","26":"tag-nachrichten-aus-deutschland","27":"tag-news","28":"tag-news-aus-deutschland","29":"tag-politik","30":"tag-politik-bayern","31":"tag-schlagzeilen","32":"tag-spd","33":"tag-sueddeutsche-zeitung"},"share_on_mastodon":{"url":"https:\/\/pubeurope.com\/@de\/115420901173328573","error":""},"_links":{"self":[{"href":"https:\/\/www.europesays.com\/de\/wp-json\/wp\/v2\/posts\/519621","targetHints":{"allow":["GET"]}}],"collection":[{"href":"https:\/\/www.europesays.com\/de\/wp-json\/wp\/v2\/posts"}],"about":[{"href":"https:\/\/www.europesays.com\/de\/wp-json\/wp\/v2\/types\/post"}],"author":[{"embeddable":true,"href":"https:\/\/www.europesays.com\/de\/wp-json\/wp\/v2\/users\/2"}],"replies":[{"embeddable":true,"href":"https:\/\/www.europesays.com\/de\/wp-json\/wp\/v2\/comments?post=519621"}],"version-history":[{"count":0,"href":"https:\/\/www.europesays.com\/de\/wp-json\/wp\/v2\/posts\/519621\/revisions"}],"wp:featuredmedia":[{"embeddable":true,"href":"https:\/\/www.europesays.com\/de\/wp-json\/wp\/v2\/media\/519622"}],"wp:attachment":[{"href":"https:\/\/www.europesays.com\/de\/wp-json\/wp\/v2\/media?parent=519621"}],"wp:term":[{"taxonomy":"category","embeddable":true,"href":"https:\/\/www.europesays.com\/de\/wp-json\/wp\/v2\/categories?post=519621"},{"taxonomy":"post_tag","embeddable":true,"href":"https:\/\/www.europesays.com\/de\/wp-json\/wp\/v2\/tags?post=519621"}],"curies":[{"name":"wp","href":"https:\/\/api.w.org\/{rel}","templated":true}]}}