{"id":519695,"date":"2025-10-23T02:16:21","date_gmt":"2025-10-23T02:16:21","guid":{"rendered":"https:\/\/www.europesays.com\/de\/519695\/"},"modified":"2025-10-23T02:16:21","modified_gmt":"2025-10-23T02:16:21","slug":"g-i-joe-die-abrechnung-mit-dwayne-johnson-am-samstag-auf-vox","status":"publish","type":"post","link":"https:\/\/www.europesays.com\/de\/519695\/","title":{"rendered":"&#8222;G.I. Joe &#8211; Die Abrechnung&#8220; mit Dwayne Johnson: Am Samstag auf VOX"},"content":{"rendered":"<p>Auf VOX <\/p>\n<p>Dwayne Johnson in Action\u2011Hit voller Kontroversen<\/p>\n<p>22.10.2025 &#8211; 16:47 UhrLesedauer: 3 Min.<\/p>\n<p><a href=\"#focus-0\" class=\"transition-colors duration-200 block text-current relative\" data-sctrack=\"FocusGalleryImage.Reference\"><img fetchpriority=\"high\" data-testid=\"Opener.Image\" style=\"--lqipURL:url('https:\/\/images.t-online.de\/2025\/10\/Cxd5BSp4OhDf\/0x12:1280x720\/fit-in\/150x0\/filters:blur(25)\/g-i-joe-die-abrechnung-diese-mission-war-fuer-dwayne-johnson-eine-herausforderung.jpg')\"   loading=\"eager\" src=\"https:\/\/www.europesays.com\/de\/wp-content\/uploads\/2025\/10\/g-i-joe-die-abrechnung-diese-mission-war-fuer-dwayne-johnson-eine-herausforderung.jpg\" alt=\"Szenenbild aus dem Actionfilm &quot;G.I. Joe - Die Abrechnung&quot;\" title=\"Szenenbild aus dem Actionfilm &quot;G.I. Joe - Die Abrechnung&quot;\" width=\"1280\" height=\"720\" class=\"bg-[url:var(--lqipURL)] bg-cover bg-center flex h-full w-full max-w-full\" decoding=\"async\"\/><img style=\"--width:32;--height:32\" loading=\"lazy\" src=\"https:\/\/www.t-online.de\/s\/paper\/_next\/static\/media\/zoom-in.f7dae02f.svg\" alt=\"Vergr\u00f6\u00dfern des Bildes\" title=\"Vergr\u00f6\u00dfern des Bildes\" class=\"block h-[calc(var(--height)_\/_16_*_1rem)] w-[calc(var(--width)_\/_16_*_1rem)] max-w-none absolute bottom-8 right-8 rounded-4 bg-snow p-8\" decoding=\"async\"\/><\/a><\/p>\n<p>Dwayne Johnson in &#8222;G.I. Joe &#8211; Die Abrechnung&#8220;: Diese Mission war herausfordernd. (Quelle: Paramount Pictures)<\/p>\n<p class=\"font-bold text-18 leading-17\">Manche Rechnung geht nicht auf: Trotz der Starbesetzung mit Bruce Willis und Dwayne Johnson blieb &#8222;G.I. Joe &#8211; Die Abrechnung&#8220; bei Schauspieler Channing Tatum unbeliebt.<\/p>\n<p class=\"text-18 leading-17\">Die Spielzeugfiguren der Marke &#8222;G.I. Joe&#8220; verkaufen sich hervorragend. Daher war Paramount sicher, dass die Verfilmung ein Hit wird. Die Meinungen sind durchwachsen, doch die h\u00e4rteste Meinung zum Film, hat <a class=\"transition-colors duration-200 cursor-pointer text-inherit no-underline text-salemsfur md:hover:text-magenta md:hover:border-magenta md:focus:text-magenta border-current border-b border-solid break-words\" href=\"https:\/\/www.t-online.de\/themen\/channing-tatum\/\" data-sctrack=\"BodyAnchor\" rel=\"nofollow noopener\" target=\"_blank\">Channing Tatum<\/a> selbst.<\/p>\n<p class=\"text-18 leading-17\">Roadblock (Dwayne Johnson) und sein Team starten eine neue Mission. Sie jagen die Organisation Cobra und stehen einer neuen Bedrohung gegen\u00fcber. Cobra-Anf\u00fchrer Zartan (Arnold Vosloo) kontrolliert die US-Regierung und will Roadblocks Eliteeinheit ausschalten.<\/p>\n<p class=\"text-18 leading-17\">F\u00fcr die Soldaten geht es um ihr Leben und die Sicherheit ihres Landes. Gemeinsam mit General Joe Colten (Bruce Willis) mobilisieren sie alle verf\u00fcgbaren Kr\u00e4fte. Der Tag der Abrechnung naht.<\/p>\n<p class=\"text-18 leading-17\">Wenn das Publikum einen Film ablehnt, ist das eine Sache. Doch wenn Schauspieler, die selbst mitspielen, sich kritisch \u00e4u\u00dfern, ist das bezeichnend. Channing Tatum sprach in einem &#8222;Vanity Fair&#8220;-Interview, wie das Online-Filmmagazin &#8222;Indie Wire&#8220; berichtet, ablehnend \u00fcber &#8222;G.I. Joe \u2013 Die Abrechnung&#8220;.<\/p>\n<p class=\"text-18 leading-17\">&#8222;Ich habe das erste Sequel siebenmal abgelehnt. Aber sie hatten eine Option f\u00fcr mich, also musste ich den Film machen&#8220;, erkl\u00e4rt Tatum. &#8222;Ich bin ehrlich: Ich hasse diesen Film verdammt nochmal. Sie haben mich dazu gedr\u00e4ngt, darin mitzuspielen.&#8220; So klingt keine gute Presse.<\/p>\n<p class=\"text-18 leading-17\">Tragische Ereignisse \u00fcberschatteten die Dreharbeiten. Ein Crew-Mitglied starb, als eine Hebeb\u00fchne umkippte und ihn erdr\u00fcckte. Er erlag seinen Verletzungen, wie die Nachrichtenagentur &#8222;Reuters&#8220; berichtet.<\/p>\n<p class=\"text-18 leading-17\">In der Erkl\u00e4rung der US-amerikanische Produktionsfirma Paramount hie\u00df es &#8222;Unsere Gedanken und unser tiefstes Mitgef\u00fchl gelten der Familie Huber. Die Sicherheit unserer Darsteller und Crew hat f\u00fcr uns oberste Priorit\u00e4t und das Studio kooperiert uneingeschr\u00e4nkt mit allen Ermittlungsbeh\u00f6rden bei der Untersuchung der Umst\u00e4nde dieses ungew\u00f6hnlichen Unfalls.&#8220;<\/p>\n<p class=\"text-18 leading-17\">Auch die Ver\u00f6ffentlichung des Films stie\u00df auf Hindernisse. In <a class=\"transition-colors duration-200 cursor-pointer text-inherit no-underline text-salemsfur md:hover:text-magenta md:hover:border-magenta md:focus:text-magenta border-current border-b border-solid break-words\" href=\"https:\/\/www.t-online.de\/themen\/pakistan\/\" data-sctrack=\"BodyAnchor\" rel=\"nofollow noopener\" target=\"_blank\">Pakistan<\/a> verh\u00e4ngte die Zensurbeh\u00f6rde ein Auff\u00fchrungsverbot. Die Wochenzeitschrift &#8222;The Nation&#8220; berichtete, dass Pakistan als gescheiterter Staat dargestellt und eine fiktive Invasion der Atomwaffen gezeigt wird. Das reichte aus, um den Film zu verbieten.<\/p>\n<p class=\"text-18 leading-17\">Das Bewertungsportal &#8222;Rotten Tomatoes&#8220; zeigt gemischte Bewertungen: Mit 29 Prozent seitens der Presse fiel der Film eher schlecht aus. Das Publikum vergab hingegen 48 Prozent f\u00fcr das Action-Sequel. Die Online Filmdatenbank vergab 5,7 von 10 Sterne. Laut &#8222;Box Office Mojo&#8220; spielte der Film nur 122 Millionen <a class=\"transition-colors duration-200 cursor-pointer text-inherit no-underline text-salemsfur md:hover:text-magenta md:hover:border-magenta md:focus:text-magenta border-current border-b border-solid break-words\" href=\"https:\/\/www.t-online.de\/finanzen\/boerse\/waehrung\/eur-usd\/eu0009652759\/\" data-sctrack=\"BodyAnchor\" rel=\"nofollow noopener\" target=\"_blank\">US-Dollar<\/a> ein, bei einem gesch\u00e4tzten Budget von ca. 130 Millionen US-Dollar.<\/p>\n<p class=\"text-18 leading-17\">Bei den Awardbewertungen ging der Film, trotz der schlechten Pressebewertungen, nicht leer aus: Bei den &#8222;ASCAP Film- und Fernseh-Musikpreise&#8220; gewann er in der Kategorie &#8222;Top-Kino-Filme&#8220;. Auch bei den &#8222;Teen Choice Awards&#8220; konnte der Film \u00fcberzeugen: Channing Tatum gewann in der Kategorie &#8222;Bester Filmschauspieler: Action-Abenteuer&#8220;.<\/p>\n<p class=\"text-18 leading-17\">Wer unkomplizierte Storylines und Action geladene Filme mag, sollte sich &#8222;G.I. Joe \u2013 Die Abrechnung&#8220; nicht entgehen lassen.<\/p>\n","protected":false},"excerpt":{"rendered":"Auf VOX Dwayne Johnson in Action\u2011Hit voller Kontroversen 22.10.2025 &#8211; 16:47 UhrLesedauer: 3 Min. Dwayne Johnson in &#8222;G.I.&hellip;\n","protected":false},"author":2,"featured_media":519696,"comment_status":"","ping_status":"","sticky":false,"template":"","format":"standard","meta":{"footnotes":""},"categories":[1771],"tags":[2971,128829,22439,3669,1778,29,104709,214,30,95,65805,1777,128828,215,113100],"class_list":{"0":"post-519695","1":"post","2":"type-post","3":"status-publish","4":"format-standard","5":"has-post-thumbnail","7":"category-kino","8":"tag-2971","9":"tag-arnold-vosloo","10":"tag-bruce-willis","11":"tag-channing-tatum","12":"tag-cinema","13":"tag-deutschland","14":"tag-dwayne-johnson","15":"tag-entertainment","16":"tag-germany","17":"tag-kino","18":"tag-kontroverse","19":"tag-movie","20":"tag-starbesetzung","21":"tag-unterhaltung","22":"tag-vanity-fair"},"share_on_mastodon":{"url":"https:\/\/pubeurope.com\/@de\/115421078373517677","error":""},"_links":{"self":[{"href":"https:\/\/www.europesays.com\/de\/wp-json\/wp\/v2\/posts\/519695","targetHints":{"allow":["GET"]}}],"collection":[{"href":"https:\/\/www.europesays.com\/de\/wp-json\/wp\/v2\/posts"}],"about":[{"href":"https:\/\/www.europesays.com\/de\/wp-json\/wp\/v2\/types\/post"}],"author":[{"embeddable":true,"href":"https:\/\/www.europesays.com\/de\/wp-json\/wp\/v2\/users\/2"}],"replies":[{"embeddable":true,"href":"https:\/\/www.europesays.com\/de\/wp-json\/wp\/v2\/comments?post=519695"}],"version-history":[{"count":0,"href":"https:\/\/www.europesays.com\/de\/wp-json\/wp\/v2\/posts\/519695\/revisions"}],"wp:featuredmedia":[{"embeddable":true,"href":"https:\/\/www.europesays.com\/de\/wp-json\/wp\/v2\/media\/519696"}],"wp:attachment":[{"href":"https:\/\/www.europesays.com\/de\/wp-json\/wp\/v2\/media?parent=519695"}],"wp:term":[{"taxonomy":"category","embeddable":true,"href":"https:\/\/www.europesays.com\/de\/wp-json\/wp\/v2\/categories?post=519695"},{"taxonomy":"post_tag","embeddable":true,"href":"https:\/\/www.europesays.com\/de\/wp-json\/wp\/v2\/tags?post=519695"}],"curies":[{"name":"wp","href":"https:\/\/api.w.org\/{rel}","templated":true}]}}