{"id":519831,"date":"2025-10-23T03:33:25","date_gmt":"2025-10-23T03:33:25","guid":{"rendered":"https:\/\/www.europesays.com\/de\/519831\/"},"modified":"2025-10-23T03:33:25","modified_gmt":"2025-10-23T03:33:25","slug":"lohnt-sich-der-besuch-wirklich","status":"publish","type":"post","link":"https:\/\/www.europesays.com\/de\/519831\/","title":{"rendered":"Lohnt sich der Besuch wirklich?"},"content":{"rendered":"<p>&#8222;Vincent \u2013 Zwischen Wahn und Wunder&#8220; <\/p>\n<p>Lohnt sich die 360-Grad-Van-Gogh-Ausstellung?<\/p>\n<ul class=\"grid grid-flow-col gap-4\" aria-label=\"Autorenbilder\">\n<li class=\"leading-0\"><img data-tb-author-image=\"\"  loading=\"lazy\" src=\"https:\/\/www.europesays.com\/de\/wp-content\/uploads\/2025\/10\/1761190404_43_image.jpg\" alt=\"\" title=\"\" width=\"40\" height=\"40\" class=\"\" decoding=\"async\"\/><\/li>\n<\/ul>\n<p>Aktualisiert am 22.10.2025 &#8211; 12:14 UhrLesedauer: 4 Min.<\/p>\n<p><a href=\"#focus-0\" class=\"transition-colors duration-200 block text-current relative\" data-sctrack=\"FocusGalleryImage.Reference\"><img fetchpriority=\"high\" data-testid=\"Opener.Image\" style=\"--lqipURL:url('https:\/\/images.t-online.de\/2025\/10\/kZzezCSjr-HM\/0x334:3810x2143\/fit-in\/150x0\/filters:blur(25)\/die-immersive-ausstellung-vincent-zwischen-wahn-und-wunder-beschaeftigt-sich-mit-den-letzten-jahren-des-malers-vincent-van-gogh.jpg')\"   loading=\"eager\" src=\"https:\/\/www.europesays.com\/de\/wp-content\/uploads\/2025\/10\/die-immersive-ausstellung-vincent-zwischen-wahn-und-wunder-beschaeftigt-sich-mit-den-letzten-jahren-.jpeg\" alt=\"Die immersive Ausstellung \u201eVincent \u2013 Zwischen Wahn und Wunder\u201c besch\u00e4ftigt sich mit den letzten Jahren des Malers Vincent van Gogh.\" title=\"Die immersive Ausstellung \u201eVincent \u2013 Zwischen Wahn und Wunder\u201c besch\u00e4ftigt sich mit den letzten Jahren des Malers Vincent van Gogh.\" width=\"3810\" height=\"2143\" class=\"bg-[url:var(--lqipURL)] bg-cover bg-center flex h-full w-full max-w-full\" decoding=\"async\"\/><img style=\"--width:32;--height:32\" loading=\"lazy\" src=\"https:\/\/muenchen.t-online.de\/s\/paper\/_next\/static\/media\/zoom-in.f7dae02f.svg\" alt=\"Vergr\u00f6\u00dfern des Bildes\" title=\"Vergr\u00f6\u00dfern des Bildes\" class=\"block h-[calc(var(--height)_\/_16_*_1rem)] w-[calc(var(--width)_\/_16_*_1rem)] max-w-none absolute bottom-8 right-8 rounded-4 bg-snow p-8\" decoding=\"async\"\/><\/a><\/p>\n<p>Die immersive Ausstellung &#8222;Vincent \u2013 Zwischen Wahn und Wunder&#8220; besch\u00e4ftigt sich mit den letzten Jahren des Malers Vincent van Gogh. (Quelle: Morris Mac Matzen)<\/p>\n<p class=\"font-bold text-18 leading-17\">Am Mittwoch er\u00f6ffnet eine neue Ausstellung \u00fcber Vincent van Gogh. t-online war bereits vor Ort und verr\u00e4t Ihnen, ob es sich lohnt.<\/p>\n<p class=\"text-18 leading-17\">Einmal selbst durch die tr\u00e4umerische Landschaft der &#8222;Sternennacht&#8220; wandern oder die ber\u00fchmten Sonnenblumen hautnah bewundern? Was bislang nur ein Traum f\u00fcr viele Kunstfans war, erm\u00f6glicht nun eine neue Ausstellung \u00fcber Vincent van Gogh in M\u00fcnchen.<\/p>\n<p class=\"text-18 leading-17\">Ein immersiver Rundgang f\u00fchrt durch die Werke des niederl\u00e4ndischen Malers und konzentriert sich auf seine letzten Lebensjahre. Die Ausstellung er\u00f6ffnet am 15. Oktober in den R\u00e4umlichkeiten des Utopia. t-online war bereits am Vortag vor Ort und hat einen ersten Blick erhaschen k\u00f6nnen.<\/p>\n<p class=\"text-18 leading-17\">&#8222;Eintauchen statt einfach nur anschauen&#8220;, so k\u00f6nnte das Motto lauten. Dabei werden die R\u00e4umlichkeiten zu einer Art begehbaren Leinwand: Mit 360 Grad-Projektionen, Klanguntermalung und der f\u00fcr Ausstellungen dieser Art typischen 3D-Mapping-Projektion kann man die Werke van Goghs von allen Seiten bewundern und sogar selbst ein Teil davon werden.<\/p>\n<p class=\"text-18 leading-17\">Das Besondere an &#8222;Vincent \u2013 Zwischen Wahn und Wunder&#8220; ist nicht nur das begehbare, bildgewaltige und von musikalischen Kl\u00e4ngen untermalte Ausstellungsformat. Es ist vor allem die Perspektive, aus der erz\u00e4hlt wird: n\u00e4mlich die von Johanna van Gogh, genannt Jo.<\/p>\n<p class=\"text-18 leading-17\">Johanna war die Ehefrau von Theo van Gogh, dem j\u00fcngeren Bruder des Malers. Sie war es auch, die nach dem fr\u00fchen Tod der Br\u00fcder den umfangreichen Nachlass verwaltete, die Werke von Vincent van Gogh sammelte und den Briefwechsel zwischen ihrem Mann und ihrem Schwager sorgf\u00e4ltig aufbereitete \u2013 als verwitwete, nicht unbedingt gutsituierte Mutter.<\/p>\n<p class=\"text-18 leading-17\">Zu den gesammelten Werken ihres Schwagers organisierte Johanna van Gogh regelm\u00e4\u00dfige Ausstellungen in Amsterdam. Ihre Arbeit legte den Grundstein f\u00fcr den sp\u00e4teren Ruhm des Malers \u2013 und doch bleibt ihr Name h\u00e4ufig ungenannt.<\/p>\n<p class=\"text-18 leading-17\">Davon lesen die Besucher nicht nur, sie h\u00f6ren es auch: Jeder Besucher erh\u00e4lt einen Audioguide mit Kopfh\u00f6rern. Dieser Audioguide schildert automatisch, je nach Position in der Ausstellung, eine Episode aus dem Leben von Vincent van Gogh. Dieser technische Clou erweckt den Eindruck, Johanna sei mit im Raum, wenn sie zum Beispiel davon erz\u00e4hlt, wie ihr Mann Theo und Vincent einen &#8222;Pakt&#8220; schlossen, um dessen k\u00fcnstlerische Arbeit zu finanzieren.<\/p>\n<p class=\"text-18 leading-17\">Johannas sanfte Stimme tr\u00e4gt die Besucher durch die Entwicklung van Goghs. Sie erz\u00e4hlt von seinen Anf\u00e4ngen im Kunsthandel in London und seinem Fortschritt als Maler, wobei der Fokus auf seinen letzten Lebensjahren liegt.<\/p>\n<p class=\"text-18 leading-17\">Der Rundgang widmet sich auch seinen gesundheitlichen Problemen: Der fast schon ber\u00fchmt-ber\u00fcchtigte Wahnzustand, in dem er sich einen Teil seines Ohres abschnitt, wird aber nur nebenbei erw\u00e4hnt. Stattdessen erfahren Besucher beim Lesen der zahlreichen Hinweistafeln, woran der gebeutelte K\u00fcnstler litt: eine sogenannte Frontallappen-Epilepsie. Zu den Symptomen z\u00e4hlen Halluzinationen und Wahnvorstellungen, aber auch depressive Phasen. Die Erkrankung hatte den Maler jahrelang gequ\u00e4lt, aber auch sein k\u00fcnstlerisches Schaffen gepr\u00e4gt.<\/p>\n","protected":false},"excerpt":{"rendered":"&#8222;Vincent \u2013 Zwischen Wahn und Wunder&#8220; Lohnt sich die 360-Grad-Van-Gogh-Ausstellung? Aktualisiert am 22.10.2025 &#8211; 12:14 UhrLesedauer: 4 Min.&hellip;\n","protected":false},"author":2,"featured_media":501389,"comment_status":"","ping_status":"","sticky":false,"template":"","format":"standard","meta":{"footnotes":""},"categories":[1775],"tags":[10653,124622,550,1793,4827,29,214,30,1794,1268,125400,215,41991],"class_list":{"0":"post-519831","1":"post","2":"type-post","3":"status-publish","4":"format-standard","5":"has-post-thumbnail","7":"category-kunst-und-design","8":"tag-10653","9":"tag-124622","10":"tag-amsterdam","11":"tag-art-and-design","12":"tag-ausflugstipp-muenchen","13":"tag-deutschland","14":"tag-entertainment","15":"tag-germany","16":"tag-kunst-und-design","17":"tag-muenchen","18":"tag-theo-van-gogh","19":"tag-unterhaltung","20":"tag-vincent-van-gogh"},"share_on_mastodon":{"url":"https:\/\/pubeurope.com\/@de\/115421381389457062","error":""},"_links":{"self":[{"href":"https:\/\/www.europesays.com\/de\/wp-json\/wp\/v2\/posts\/519831","targetHints":{"allow":["GET"]}}],"collection":[{"href":"https:\/\/www.europesays.com\/de\/wp-json\/wp\/v2\/posts"}],"about":[{"href":"https:\/\/www.europesays.com\/de\/wp-json\/wp\/v2\/types\/post"}],"author":[{"embeddable":true,"href":"https:\/\/www.europesays.com\/de\/wp-json\/wp\/v2\/users\/2"}],"replies":[{"embeddable":true,"href":"https:\/\/www.europesays.com\/de\/wp-json\/wp\/v2\/comments?post=519831"}],"version-history":[{"count":0,"href":"https:\/\/www.europesays.com\/de\/wp-json\/wp\/v2\/posts\/519831\/revisions"}],"wp:featuredmedia":[{"embeddable":true,"href":"https:\/\/www.europesays.com\/de\/wp-json\/wp\/v2\/media\/501389"}],"wp:attachment":[{"href":"https:\/\/www.europesays.com\/de\/wp-json\/wp\/v2\/media?parent=519831"}],"wp:term":[{"taxonomy":"category","embeddable":true,"href":"https:\/\/www.europesays.com\/de\/wp-json\/wp\/v2\/categories?post=519831"},{"taxonomy":"post_tag","embeddable":true,"href":"https:\/\/www.europesays.com\/de\/wp-json\/wp\/v2\/tags?post=519831"}],"curies":[{"name":"wp","href":"https:\/\/api.w.org\/{rel}","templated":true}]}}