{"id":519842,"date":"2025-10-23T03:40:13","date_gmt":"2025-10-23T03:40:13","guid":{"rendered":"https:\/\/www.europesays.com\/de\/519842\/"},"modified":"2025-10-23T03:40:13","modified_gmt":"2025-10-23T03:40:13","slug":"neuer-band-spielt-in-portugal","status":"publish","type":"post","link":"https:\/\/www.europesays.com\/de\/519842\/","title":{"rendered":"Neuer Band spielt in Portugal"},"content":{"rendered":"<p>Pr\u00fcgeleien in Lissabon <\/p>\n<p>Neuer &#8222;Asterix&#8220;-Band ist ver\u00f6ffentlicht<\/p>\n<p>23.10.2025 &#8211; 01:43 UhrLesedauer: 1 Min.<\/p>\n<p><a href=\"#focus-0\" class=\"transition-colors duration-200 block text-current relative\" data-sctrack=\"FocusGalleryImage.Reference\"><img fetchpriority=\"high\" data-testid=\"Opener.Image\" style=\"--lqipURL:url('https:\/\/images.t-online.de\/2025\/10\/MNUKd2PIMHbE\/366x154:1140x641\/fit-in\/150x0\/filters:blur(25)\/ausgaben-des-neuen-asterix-band-nummer-41-werden-in-einer-logistikhalle-konfektioniert-und-in-displays-fuer-den-einzelhandel-verpackt.jpg')\"   loading=\"eager\" src=\"https:\/\/www.europesays.com\/de\/wp-content\/uploads\/2025\/10\/ausgaben-des-neuen-asterix-band-nummer-41-werden-in-einer-logistikhalle-konfektioniert-und-in-displa.jpeg\" alt=\"Ausgaben des neuen Asterix-Band Nummer 41 werden in einer Logistikhalle konfektioniert und in Displays f\u00fcr den Einzelhandel verpackt.\" title=\"Ausgaben des neuen Asterix-Band Nummer 41 werden in einer Logistikhalle konfektioniert und in Displays f\u00fcr den Einzelhandel verpackt.\" width=\"1140\" height=\"641\" class=\"bg-[url:var(--lqipURL)] bg-cover bg-center flex h-full w-full max-w-full\" decoding=\"async\"\/><img style=\"--width:32;--height:32\" loading=\"lazy\" src=\"https:\/\/www.t-online.de\/s\/paper\/_next\/static\/media\/zoom-in.f7dae02f.svg\" alt=\"Vergr\u00f6\u00dfern des Bildes\" title=\"Vergr\u00f6\u00dfern des Bildes\" class=\"block h-[calc(var(--height)_\/_16_*_1rem)] w-[calc(var(--width)_\/_16_*_1rem)] max-w-none absolute bottom-8 right-8 rounded-4 bg-snow p-8\" decoding=\"async\"\/><\/a><\/p>\n<p>Ausgaben des neuen Asterix-Band Nummer 41 werden in einer Logistikhalle konfektioniert und in Displays f\u00fcr den Einzelhandel verpackt. (Quelle: Rolf Vennenbernd)<\/p>\n<p class=\"font-bold text-18 leading-17\">Der neueste Band von &#8222;Asterix&#8220; ist da. Die beiden Gallier k\u00e4mpfen darin gegen einen b\u00f6sen Gesch\u00e4ftemacher.<\/p>\n<p class=\"text-18 leading-17\">In der neuen Ausgabe des Kultcomics &#8222;Asterix&#8220; m\u00fcssen sich die gallischen Helden in <a class=\"transition-colors duration-200 cursor-pointer text-inherit no-underline text-salemsfur md:hover:text-magenta md:hover:border-magenta md:focus:text-magenta border-current border-b border-solid break-words\" href=\"https:\/\/www.t-online.de\/themen\/portugal\/\" data-sctrack=\"BodyAnchor\" rel=\"nofollow noopener\" target=\"_blank\">Portugal<\/a> beweisen. In &#8222;Asterix in Lusitanien&#8220; k\u00e4mpfen sie gegen den skrupellosen Pr\u00e4fekten Fetterbonus und dessen Komplizen.<\/p>\n<p class=\"text-18 leading-17\">Fetterbonus ist ein \u00fcbler Gesch\u00e4ftemacher und will mit minderwertiger Fischso\u00dfe den Markt \u00fcberschwemmen. Sein gr\u00f6\u00dftes Ziel ist, Lieferant von Julius C\u00e4sar zu werden. In seiner Gier schreckt er auch nicht davor zur\u00fcck, einen unbescholtenen Delikatessen-Hersteller als unliebsame Konkurrenz hinter Gitter zu bringen. Doch dessen guter Freund Schnurres schaltet seine alten Bekannten aus Gallien ein.<\/p>\n<p class=\"text-18 leading-17\">Wer einmal in Portugal war, wird viele liebevolle Anspielungen auf die Gegenwart entdecken. Die antiken Helden pr\u00fcgeln sich nicht nur durch das heutige Lissabon. Sie setzen dieses Mal auch auf eine perfekte Verkleidung, um die R\u00f6mer zu \u00fcberlisten. Daf\u00fcr trennt man sich buchst\u00e4blich von alten Z\u00f6pfen. Und nicht nur das bringt das gutm\u00fctige Dickerchen Obelix zum Maulen: Die fischlastige lusitanische K\u00fcche ist so gar nicht sein Ding.<\/p>\n<p class=\"text-18 leading-17\">Zum zweiten Mal liefert der franz\u00f6sische Texter Fabcaro (Fabrice Caro) das Szenario, sein Landsmann Didier Conrad \u00fcbernimmt wie gewohnt die Zeichnungen. Albert Uderzo (1927-2020) hatte die Figuren Asterix und Obelix 1959 gemeinsam mit dem Autor Ren\u00e9 Goscinny (1926-1977) geschaffen.<\/p>\n","protected":false},"excerpt":{"rendered":"Pr\u00fcgeleien in Lissabon Neuer &#8222;Asterix&#8220;-Band ist ver\u00f6ffentlicht 23.10.2025 &#8211; 01:43 UhrLesedauer: 1 Min. Ausgaben des neuen Asterix-Band Nummer&hellip;\n","protected":false},"author":2,"featured_media":519843,"comment_status":"","ping_status":"","sticky":false,"template":"","format":"standard","meta":{"footnotes":""},"categories":[155],"tags":[1217,29,214,30,128846,50893,128844,128845,7118,6317,215],"class_list":{"0":"post-519842","1":"post","2":"type-post","3":"status-publish","4":"format-standard","5":"has-post-thumbnail","7":"category-unterhaltung","8":"tag-1217","9":"tag-deutschland","10":"tag-entertainment","11":"tag-germany","12":"tag-julius-caesar","13":"tag-lissabon","14":"tag-logistikhalle","15":"tag-lusitanien","16":"tag-portugal","17":"tag-pruegelei","18":"tag-unterhaltung"},"share_on_mastodon":{"url":"https:\/\/pubeurope.com\/@de\/115421409041383034","error":""},"_links":{"self":[{"href":"https:\/\/www.europesays.com\/de\/wp-json\/wp\/v2\/posts\/519842","targetHints":{"allow":["GET"]}}],"collection":[{"href":"https:\/\/www.europesays.com\/de\/wp-json\/wp\/v2\/posts"}],"about":[{"href":"https:\/\/www.europesays.com\/de\/wp-json\/wp\/v2\/types\/post"}],"author":[{"embeddable":true,"href":"https:\/\/www.europesays.com\/de\/wp-json\/wp\/v2\/users\/2"}],"replies":[{"embeddable":true,"href":"https:\/\/www.europesays.com\/de\/wp-json\/wp\/v2\/comments?post=519842"}],"version-history":[{"count":0,"href":"https:\/\/www.europesays.com\/de\/wp-json\/wp\/v2\/posts\/519842\/revisions"}],"wp:featuredmedia":[{"embeddable":true,"href":"https:\/\/www.europesays.com\/de\/wp-json\/wp\/v2\/media\/519843"}],"wp:attachment":[{"href":"https:\/\/www.europesays.com\/de\/wp-json\/wp\/v2\/media?parent=519842"}],"wp:term":[{"taxonomy":"category","embeddable":true,"href":"https:\/\/www.europesays.com\/de\/wp-json\/wp\/v2\/categories?post=519842"},{"taxonomy":"post_tag","embeddable":true,"href":"https:\/\/www.europesays.com\/de\/wp-json\/wp\/v2\/tags?post=519842"}],"curies":[{"name":"wp","href":"https:\/\/api.w.org\/{rel}","templated":true}]}}