{"id":519883,"date":"2025-10-23T04:05:17","date_gmt":"2025-10-23T04:05:17","guid":{"rendered":"https:\/\/www.europesays.com\/de\/519883\/"},"modified":"2025-10-23T04:05:17","modified_gmt":"2025-10-23T04:05:17","slug":"erster-betriebsrat-bei-amazon-in-bochum","status":"publish","type":"post","link":"https:\/\/www.europesays.com\/de\/519883\/","title":{"rendered":"Erster Betriebsrat bei Amazon in Bochum"},"content":{"rendered":"<p class=\"small date article__date\">Ver\u00f6ffentlicht:\u00a0Donnerstag, 23.10.2025 05:09<\/p>\n<p>Zum ersten Mal wurde in NRW, und zwar bei uns in Bochum, ein Betriebsrat an einem Amazon-Delivery-Standort gew\u00e4hlt. An einem Delivery-Standort werden Pakete nach ihren Routen sortiert und dort dann von den Fahrern und Fahrerinnen abgeholt. <\/p>\n<p><img decoding=\"async\" alt=\"ver.di Verdi Gewerkschaft Streik Streiken Arbeitskampf\" src=\"https:\/\/www.europesays.com\/de\/wp-content\/uploads\/2025\/10\/streiken-verdi-logo-gebaeude-shutterstock_1097464151.jpg&#038;crop=1383x1202x4475x2797&#038;resize=1280x800&#038;dt.jpeg\" data-size=\"1280x800\"\/>\u00a9 shutterstock.comStarkes Signal in Bochum f\u00fcr mehr Mitbestimmung<\/p>\n<p>Dass hier, am Standort in Riemke, ein Betriebsrat neu gegr\u00fcndet wurde, sei ein wichtiger Schritt und ein starkes Signal f\u00fcr mehr Mitbestimmung, so die zust\u00e4ndige Gewerkschaftssekret\u00e4rin der Gewerkschaft ver.di, Kaoutar Charjane. Das Recht auf Mitbestimmung sei gesetzlich verankert und werde jetzt auch hier genutzt. Ziel des neu gegr\u00fcndeten Betriebsrats ist es, die Arbeitsbedingungen am Standort Bochum zu verbessern. Insbesondere in den Bereichen Schichtplanung, Arbeitsdruck und Gleichberechtigung.<\/p>\n","protected":false},"excerpt":{"rendered":"Ver\u00f6ffentlicht:\u00a0Donnerstag, 23.10.2025 05:09 Zum ersten Mal wurde in NRW, und zwar bei uns in Bochum, ein Betriebsrat an&hellip;\n","protected":false},"author":2,"featured_media":519884,"comment_status":"","ping_status":"","sticky":false,"template":"","format":"standard","meta":{"footnotes":""},"categories":[1839],"tags":[2483,2558,7507,3364,29,30,1209],"class_list":{"0":"post-519883","1":"post","2":"type-post","3":"status-publish","4":"format-standard","5":"has-post-thumbnail","7":"category-bochum","8":"tag-amazon","9":"tag-betriebsrat","10":"tag-bochum","11":"tag-de","12":"tag-deutschland","13":"tag-germany","14":"tag-nordrhein-westfalen"},"share_on_mastodon":{"url":"https:\/\/pubeurope.com\/@de\/115421506970514835","error":""},"_links":{"self":[{"href":"https:\/\/www.europesays.com\/de\/wp-json\/wp\/v2\/posts\/519883","targetHints":{"allow":["GET"]}}],"collection":[{"href":"https:\/\/www.europesays.com\/de\/wp-json\/wp\/v2\/posts"}],"about":[{"href":"https:\/\/www.europesays.com\/de\/wp-json\/wp\/v2\/types\/post"}],"author":[{"embeddable":true,"href":"https:\/\/www.europesays.com\/de\/wp-json\/wp\/v2\/users\/2"}],"replies":[{"embeddable":true,"href":"https:\/\/www.europesays.com\/de\/wp-json\/wp\/v2\/comments?post=519883"}],"version-history":[{"count":0,"href":"https:\/\/www.europesays.com\/de\/wp-json\/wp\/v2\/posts\/519883\/revisions"}],"wp:featuredmedia":[{"embeddable":true,"href":"https:\/\/www.europesays.com\/de\/wp-json\/wp\/v2\/media\/519884"}],"wp:attachment":[{"href":"https:\/\/www.europesays.com\/de\/wp-json\/wp\/v2\/media?parent=519883"}],"wp:term":[{"taxonomy":"category","embeddable":true,"href":"https:\/\/www.europesays.com\/de\/wp-json\/wp\/v2\/categories?post=519883"},{"taxonomy":"post_tag","embeddable":true,"href":"https:\/\/www.europesays.com\/de\/wp-json\/wp\/v2\/tags?post=519883"}],"curies":[{"name":"wp","href":"https:\/\/api.w.org\/{rel}","templated":true}]}}