{"id":519889,"date":"2025-10-23T04:09:11","date_gmt":"2025-10-23T04:09:11","guid":{"rendered":"https:\/\/www.europesays.com\/de\/519889\/"},"modified":"2025-10-23T04:09:11","modified_gmt":"2025-10-23T04:09:11","slug":"gegen-eu-regeln-hat-giorgia-meloni-ein-direktes-handelsabkommen-mit-den-usa-geschlossen","status":"publish","type":"post","link":"https:\/\/www.europesays.com\/de\/519889\/","title":{"rendered":"Gegen EU-Regeln: Hat Giorgia Meloni ein direktes Handelsabkommen mit den USA geschlossen?"},"content":{"rendered":"<p>Hat die italienische Ministerpr\u00e4sidentin Giorgia Meloni ein direktes Handelsabkommen mit den USA abgeschlossen? Daf\u00fcr m\u00fcsste sie sich \u00fcber die Handelsregeln der EU hinwegsetzen.<\/p>\n<p>Donald Trump, Pr\u00e4sident der USA, hatte auf seiner Plattform Truth Social ein Video geteilt, das angeblich zeigt, wie Meloni versucht, ein direktes Abkommen \u00fcber den Handel mit den USA zu schlie\u00dfen.<\/p>\n<p>Hat sich Meloni \u00fcber die EU-Handelsregeln hinweggesetzt?<\/p>\n<p>Am 19. Oktober teilte Trump einen Link zu einem X-Post, der Tausende von Likes und Shares erhielt. In der Bildunterschrift hei\u00dft es, Meloni habe sich &#8222;der EU widersetzt&#8220;.<\/p>\n<p>&#8222;In einem verbl\u00fcffenden politischen Schachzug hat Ministerpr\u00e4sidentin Giorgia Meloni angek\u00fcndigt, dass Italien die EU-Handelsregeln ignorieren und ein direktes Abkommen mit der Regierung von Donald Trump abschlie\u00dfen wird, was einen Bruch mit Br\u00fcssel darstellt&#8220;, sagt eine weibliche Stimme in dem Video.<\/p>\n<p>&#8222;Nach einem privaten Treffen mit Trump erkl\u00e4rte Meloni, dass sie das tun werde, was f\u00fcr Italien am besten sei, nicht f\u00fcr die EU&#8220;, so die Sprecherin weiter. &#8222;Trump hat ihr angeblich versichert, dass die USA und Italien zu 100 Prozent eine Einigung erzielen werden.&#8220;<\/p>\n<p>In dem Video wird auch behauptet, dass Meloni die Unterst\u00fctzung Italiens f\u00fcr die Ukraine zur\u00fcckfahren werde und dass Trump ihre F\u00fchrung gelobt habe.<\/p>\n<p>Diese Behauptungen haben bei italienischen Politikern aus dem gesamten politischen Spektrum Besorgnis ausgel\u00f6st. Senator Francesco Boccia von der Demokratischen Partei und die gr\u00fcne Abgeordnete Luana Zanella forderten die Ministerpr\u00e4sidentin auf, die Behauptungen in dem Video zu dementieren.<\/p>\n<p>KI-Erkl\u00e4rvideos auf Social Media: Gezielt verbreitete Desinformation<\/p>\n<p>Trotz der Aufregung einiger Politiker und Nutzer sozialer Medien entbehrt das Video jedoch jeder Grundlage, nicht zuletzt wegen der von einer k\u00fcnstlichen Intelligenz erzeugten Stimme und der h\u00e4ufigen Falschschreibung von Melonis Namen.<\/p>\n<p>Es ist mit einem TikTok-Wasserzeichen versehen, das auch den Namen des Nutzers tr\u00e4gt, der es urspr\u00fcnglich gepostet hat. Ein Blick auf das Profil des Nutzers zeigt, dass er routinem\u00e4\u00dfig \u00e4hnlich irref\u00fchrende Inhalte im Stil von Nachrichtenberichten mit KI-generierten Kommentaren teilt.<\/p>\n<p>Letztendlich gibt es keine Anzeichen daf\u00fcr, dass Meloni aktiv ein direktes Handelsabkommen zwischen Italien und den USA anstrebt. Wahrscheinlich weil sie wei\u00df, dass dies nach den EU-Vorschriften unm\u00f6glich ist.<\/p>\n<p>Die <a href=\"https:\/\/policy.trade.ec.europa.eu\/eu-trade-relationships-country-and-region\/making-trade-policy%5Fen\" target=\"_blank\" rel=\"noreferrer noopener\"><strong>Europ\u00e4ische Kommission erkl\u00e4rte<\/strong><\/a>: &#8222;F\u00fcr den Handel au\u00dferhalb der EU ist ausschlie\u00dflich die EU zust\u00e4ndig und nicht die Regierungen der Mitgliedsl\u00e4nder.&#8220;<\/p>\n<p>&#8222;Das bedeutet, dass die EU-Institutionen Gesetze zu Handelsfragen erlassen und internationale Handelsabkommen aushandeln und abschlie\u00dfen&#8220;, hei\u00dft es weiter.<\/p>\n<p>Melonis B\u00fcro hat zum Zeitpunkt der Erstellung dieses Artikels nicht auf die Anfrage von The Cube geantwortet, aber <a href=\"https:\/\/www.corriere.it\/politica\/25%5Fottobre%5F20\/accordo-separato-sui-dazi-tra-trump-e-meloni-il-video-maga-scatena-la-polemica-313ee937-bd4c-4437-9955-389d6a2b6xlk.shtml\" target=\"_blank\" rel=\"noreferrer noopener\"><strong>italienischen Nachrichtenberichten<\/strong><\/a> zufolge hat esdementiert, dass es private Handelsgespr\u00e4che mit Trump gibt, und einger\u00e4umt, dass diese von der Europ\u00e4ischen Kommission gef\u00fchrt werden.<\/p>\n<p>Gespr\u00e4che \u00fcber Antidumpingz\u00f6lle f\u00fcr Nudelexporte<\/p>\n<p>Das B\u00fcro der Ministerpr\u00e4sidentin erkl\u00e4rte, Italien f\u00fchre lediglich bilaterale Gespr\u00e4che mit den USA \u00fcber Antidumpingz\u00f6lle gegen verschiedene italienische Nudelhersteller. Dumping bezieht sich auf ausl\u00e4ndische Waren, die zu einem niedrigeren Preis als ihrem normalen Wert verkauft werden, was den Wettbewerb anregt und der heimischen Industrie schadet.<\/p>\n<p>Es stimmt jedoch, dass Trump ein Fan von Meloni zu sein scheint, da er sie in der Vergangenheit mehrfach gelobt hat.<\/p>\n<p>Erst k\u00fcrzlich sagte Trump auf dem Gaza-Friedensgipfel in \u00c4gypten am 13. Oktober, Meloni &#8211; die einzige Frau auf der Veranstaltung &#8211; sei in Italien sehr angesehen und sehr erfolgreich. Der US-Pr\u00e4sident machte Schlagzeilen, weil er sie mehrfach als &#8222;sch\u00f6n&#8220; bezeichnete.<\/p>\n<p>&#8222;Wir haben eine Frau, eine junge Frau, die eine &#8211; ich darf es nicht sagen, denn normalerweise ist es das Ende Ihrer politischen Karriere, wenn Sie sagen, dass sie eine sch\u00f6ne junge Frau ist&#8220;, sagte Trump.<\/p>\n<p>&#8222;Wenn Sie in den Vereinigten Staaten das Wort &#8217;sch\u00f6n&#8216; \u00fcber eine Frau sagen, ist es das Ende Ihrer politischen Karriere, aber ich werde das Risiko eingehen&#8220;, fuhr er fort und suchte Meloni unter den Anf\u00fchrern auf der B\u00fchne. &#8222;Wo ist sie? Da ist sie ja. Es macht Ihnen doch nichts aus, wenn man Sie sch\u00f6n nennt, oder? Sie sind es.&#8220;<\/p>\n<p>Meloni hat auch gezeigt, dass ihr an guten Beziehungen zu Trump gelegen ist. Sie war die einzige EU-Politikerin, die seiner Amtseinf\u00fchrung im Januar beiwohnte, und bei einem Besuch im Oval Office im April positionierte sie sich als seine Verb\u00fcndete im Kampf gegen die &#8222;Woke- und DEI-Ideologie&#8220; (Diversity, Equity, and Inclusion).<\/p>\n<p>In dem Video wird auch erw\u00e4hnt, dass Trump sagte, dass die Partnerschaft zwischen den USA und Italien &#8222;Tausende von Jahren zur\u00fcckreicht&#8220;. Zwar deutet nichts darauf hin, dass er eine solche Aussage erst k\u00fcrzlich gemacht hat, doch hat er eine \u00e4hnliche Behauptung bereits bei einem <a href=\"https:\/\/x.com\/WhiteHouse45\/status\/1184528301194383362\" target=\"_blank\" rel=\"noreferrer\"><strong>Treffen mit dem italienischen Pr\u00e4sidenten Sergio Mattarella<\/strong><\/a> im Jahr 2019 aufgestellt.<\/p>\n<p>&#8222;Die Vereinigten Staaten und Italien sind durch ein gemeinsames kulturelles und politisches Erbe verbunden, das Tausende von Jahren bis ins alte Rom zur\u00fcckreicht&#8220;, sagte Trump.<\/p>\n","protected":false},"excerpt":{"rendered":"Hat die italienische Ministerpr\u00e4sidentin Giorgia Meloni ein direktes Handelsabkommen mit den USA abgeschlossen? Daf\u00fcr m\u00fcsste sie sich \u00fcber&hellip;\n","protected":false},"author":2,"featured_media":519890,"comment_status":"","ping_status":"","sticky":false,"template":"","format":"standard","meta":{"footnotes":""},"categories":[3977],"tags":[331,332,106,9236,13,355,14,15,12,4017,4018,4016,64,4019,4020],"class_list":{"0":"post-519889","1":"post","2":"type-post","3":"status-publish","4":"format-standard","5":"has-post-thumbnail","7":"category-usa","8":"tag-aktuelle-nachrichten","9":"tag-aktuelle-news","10":"tag-donald-trump","11":"tag-giorgia-meloni","12":"tag-headlines","13":"tag-italien","14":"tag-nachrichten","15":"tag-news","16":"tag-schlagzeilen","17":"tag-united-states","18":"tag-united-states-of-america","19":"tag-us","20":"tag-usa","21":"tag-vereinigte-staaten","22":"tag-vereinigte-staaten-von-amerika"},"share_on_mastodon":{"url":"https:\/\/pubeurope.com\/@de\/115421522267041980","error":""},"_links":{"self":[{"href":"https:\/\/www.europesays.com\/de\/wp-json\/wp\/v2\/posts\/519889","targetHints":{"allow":["GET"]}}],"collection":[{"href":"https:\/\/www.europesays.com\/de\/wp-json\/wp\/v2\/posts"}],"about":[{"href":"https:\/\/www.europesays.com\/de\/wp-json\/wp\/v2\/types\/post"}],"author":[{"embeddable":true,"href":"https:\/\/www.europesays.com\/de\/wp-json\/wp\/v2\/users\/2"}],"replies":[{"embeddable":true,"href":"https:\/\/www.europesays.com\/de\/wp-json\/wp\/v2\/comments?post=519889"}],"version-history":[{"count":0,"href":"https:\/\/www.europesays.com\/de\/wp-json\/wp\/v2\/posts\/519889\/revisions"}],"wp:featuredmedia":[{"embeddable":true,"href":"https:\/\/www.europesays.com\/de\/wp-json\/wp\/v2\/media\/519890"}],"wp:attachment":[{"href":"https:\/\/www.europesays.com\/de\/wp-json\/wp\/v2\/media?parent=519889"}],"wp:term":[{"taxonomy":"category","embeddable":true,"href":"https:\/\/www.europesays.com\/de\/wp-json\/wp\/v2\/categories?post=519889"},{"taxonomy":"post_tag","embeddable":true,"href":"https:\/\/www.europesays.com\/de\/wp-json\/wp\/v2\/tags?post=519889"}],"curies":[{"name":"wp","href":"https:\/\/api.w.org\/{rel}","templated":true}]}}