{"id":520411,"date":"2025-10-23T09:10:14","date_gmt":"2025-10-23T09:10:14","guid":{"rendered":"https:\/\/www.europesays.com\/de\/520411\/"},"modified":"2025-10-23T09:10:14","modified_gmt":"2025-10-23T09:10:14","slug":"gzsz-heute-auf-rtl-robin-verliert-alles-unterhaltung","status":"publish","type":"post","link":"https:\/\/www.europesays.com\/de\/520411\/","title":{"rendered":"GZSZ heute auf RTL+: Robin verliert alles | Unterhaltung"},"content":{"rendered":"<p><b>Liebe, Drama und gro\u00dfe Gef\u00fchle: \u201eGute Zeiten, schlechte Zeiten\u201c sorgt t\u00e4glich f\u00fcr Gespr\u00e4chsstoff und jede Menge Spannung.<\/b><\/p>\n<p>Wer der offiziellen TV-Ausstrahlung voraus sein will, kann bei RTL+ die aktuellsten Folgen von GZSZ schon eine ganze Woche vorher genie\u00dfen. Welche Entwicklungen heute stattfinden, erfahren Sie ab 19.40 Uhr auf RTL+ oder schon jetzt hier bei BILD.<\/p>\n<p>Die neue Folge GZSZ auf RTL+<\/p>\n<p>Hier ist die <a href=\"https:\/\/www.bild.de\/themen\/specials\/tv-programm-und-vorschau-aktuelle-news-infos-Rmd0rNOS7Nc7tW2AtfVM\" class=\"text-link\" target=\"_blank\" rel=\"noopener\">Vorschau<\/a> zur neuen <a href=\"https:\/\/www.bild.de\/unterhaltung\/film\/gute-zeiten-schlechte-zeiten\/gzsz-alle-infos-76683020.bild.html\" class=\"text-link\" target=\"_blank\" rel=\"noopener\">GZSZ<\/a>-Folge 8389 am Donnerstag, dem 23. Oktober 2025, im Streaming auf RTL+:<\/p>\n<p>+++ Achtung Spoiler: Diese Folge ist heute auf RTL+ verf\u00fcgbar und erst n\u00e4chste Woche im TV zu sehen +++<\/p>\n<p>F\u00fcr Robin (Fabian Hanis, 24) l\u00e4uft es alles andere als gut: Als er w\u00fctend das Mauerwerk verl\u00e4sst, trifft er Maria versehentlich mit der T\u00fcr im Gesicht. Erik (Patrick Heinrich, 40) reagiert sofort und verweist ihn des Clubs: Robin verliert seinen Job.<\/p>\n<p><img decoding=\"async\" width=\"992\" height=\"558\" alt=\"Jessica (Nina Ensmann) merkt, dass sich John (Felix von Jascheroff) auf keine Kompromisse mit Zoe einlassen wird\" src=\"https:\/\/www.europesays.com\/de\/wp-content\/uploads\/2025\/10\/a4f9e95b8e5dce508682e00643ffb200,9cad10a5\"   class=\"landscape\" loading=\"lazy\"\/><\/p>\n<p class=\"fig__caption__text\">Zwischen Robin (l.) und Moritz (Lennart Borchert, 26) kriselt es <\/p>\n<p>Foto: RTL\/Rolf Baumgartner<\/p>\n<p>Dabei wollte er eigentlich mit Moritz die Halloweenparty feiern. Doch als er sp\u00e4ter doch noch hingeht, erlebt er den n\u00e4chsten Schock: Moritz k\u00fcsst auf der Tanzfl\u00e4che jemand anderen. Robin ist fassungslos.<\/p>\n<p>Auch bei Lilly herrscht Gef\u00fchlschaos. Obwohl sie wei\u00df, dass ihre Beziehung zu Julian keine Zukunft hat, kann sie nicht von ihm lassen. Eigentlich wollten beide ihr Verh\u00e4ltnis rein professionell halten \u2013 schlie\u00dflich planen sie gemeinsam ein Start-up f\u00fcr ein neues Antibiotikum. Doch auf der Halloweenparty verf\u00e4llt Lilly erneut Julians Charme.<\/p>\n<p>Wie es zwischen Lilly und Julian weitergeht, sehen Sie schon heute auf RTL+ und am 30. Oktober im Free-TV.<\/p>\n<p>Wo und wann l\u00e4uft GZSZ?<\/p>\n<p>Neue Folgen von \u201eGute Zeiten, schlechte Zeiten\u201c (GZSZ) erscheinen montags bis freitags bereits 7 Tage vorab auf <a href=\"https:\/\/my.plus.rtl.de\/buchen\/initial?ref=CTA-BUCHEN-MENU&amp;utm_source=awin&amp;utm_medium=cpo&amp;utm_campaign=TVN00001_Affiliate&amp;utm_term=508711&amp;utm_content=statics.teams.cdn.office.net&amp;awc=16040_1723632692_f28796a5c3f66306bcbcc20f14e47abd\" rel=\"noopener\" class=\"text-link--external text-link\" target=\"_blank\">RTL+<\/a> (ANZEIGE) und eine Woche sp\u00e4ter im Free-TV.<\/p>\n","protected":false},"excerpt":{"rendered":"Liebe, Drama und gro\u00dfe Gef\u00fchle: \u201eGute Zeiten, schlechte Zeiten\u201c sorgt t\u00e4glich f\u00fcr Gespr\u00e4chsstoff und jede Menge Spannung. Wer&hellip;\n","protected":false},"author":2,"featured_media":520412,"comment_status":"","ping_status":"","sticky":false,"template":"","format":"standard","meta":{"footnotes":""},"categories":[1773],"tags":[2305,29,214,2287,30,1807,640,2286,471,1780,45,2304,215],"class_list":{"0":"post-520411","1":"post","2":"type-post","3":"status-publish","4":"format-standard","5":"has-post-thumbnail","7":"category-serien","8":"tag-daily-soap","9":"tag-deutschland","10":"tag-entertainment","11":"tag-g-standard","12":"tag-germany","13":"tag-gute-zeiten-schlechte-zeiten","14":"tag-rtl","15":"tag-seo-nicht-benutzen","16":"tag-serien","17":"tag-series","18":"tag-texttospeech","19":"tag-tv-formate","20":"tag-unterhaltung"},"share_on_mastodon":{"url":"https:\/\/pubeurope.com\/@de\/115422706802004923","error":""},"_links":{"self":[{"href":"https:\/\/www.europesays.com\/de\/wp-json\/wp\/v2\/posts\/520411","targetHints":{"allow":["GET"]}}],"collection":[{"href":"https:\/\/www.europesays.com\/de\/wp-json\/wp\/v2\/posts"}],"about":[{"href":"https:\/\/www.europesays.com\/de\/wp-json\/wp\/v2\/types\/post"}],"author":[{"embeddable":true,"href":"https:\/\/www.europesays.com\/de\/wp-json\/wp\/v2\/users\/2"}],"replies":[{"embeddable":true,"href":"https:\/\/www.europesays.com\/de\/wp-json\/wp\/v2\/comments?post=520411"}],"version-history":[{"count":0,"href":"https:\/\/www.europesays.com\/de\/wp-json\/wp\/v2\/posts\/520411\/revisions"}],"wp:featuredmedia":[{"embeddable":true,"href":"https:\/\/www.europesays.com\/de\/wp-json\/wp\/v2\/media\/520412"}],"wp:attachment":[{"href":"https:\/\/www.europesays.com\/de\/wp-json\/wp\/v2\/media?parent=520411"}],"wp:term":[{"taxonomy":"category","embeddable":true,"href":"https:\/\/www.europesays.com\/de\/wp-json\/wp\/v2\/categories?post=520411"},{"taxonomy":"post_tag","embeddable":true,"href":"https:\/\/www.europesays.com\/de\/wp-json\/wp\/v2\/tags?post=520411"}],"curies":[{"name":"wp","href":"https:\/\/api.w.org\/{rel}","templated":true}]}}