{"id":520891,"date":"2025-10-23T13:44:17","date_gmt":"2025-10-23T13:44:17","guid":{"rendered":"https:\/\/www.europesays.com\/de\/520891\/"},"modified":"2025-10-23T13:44:17","modified_gmt":"2025-10-23T13:44:17","slug":"bahnverkehr-noerdlich-von-augsburg-massiv-beeintraechtigt","status":"publish","type":"post","link":"https:\/\/www.europesays.com\/de\/520891\/","title":{"rendered":"Bahnverkehr n\u00f6rdlich von Augsburg massiv beeintr\u00e4chtigt"},"content":{"rendered":"<p>Reisende erleben insbesondere auf der Bahnstrecke Augsburg-Donauw\u00f6rth-Treuchtlingen momentan massive St\u00f6rungen bei Zugfahrten, das bem\u00e4ngelt auch der Fahrgastverband Pro Bahn. Auf der Strecke Augsburg-M\u00fcnchen seien die Auswirkungen ebenfalls zu sp\u00fcren. Passagiere h\u00e4tten mit Zugausf\u00e4llen und Versp\u00e4tungen zu k\u00e4mpfen, die ein &#8222;f\u00fcr die Fahrg\u00e4ste eigentlich unzumutbares Ausma\u00df angenommen&#8220; h\u00e4tten.<\/p>\n<p>Grund sind Verz\u00f6gerungen bei Bauarbeiten<\/p>\n<p>Laut <a href=\"https:\/\/www.br.de\/nachrichten\/bayern\/nach-holperstart-bahnbetreiber-go-ahead-heisst-nun-arverio,UI7o5U2\" target=\"_blank\" rel=\"noopener\">Arverio<\/a> liegt der Grund f\u00fcr die massiven Beeintr\u00e4chtigungen darin, dass gegenw\u00e4rtig mehrere, sich <a href=\"https:\/\/www.br.de\/nachrichten\/deutschland-welt\/marodes-schienennetz-bahn-will-langsamer-sanieren,UoU6cQy\" target=\"_blank\" rel=\"noopener\">zeitlich \u00fcberlagernde Bauma\u00dfnahmen<\/a> rund um Donauw\u00f6rth und weiter \u00fcber Treuchtlingen und Ansbach bis W\u00fcrzburg durchgef\u00fchrt w\u00fcrden, bei denen es \u2013 so Arverio \u2013 der DB InfraGo aber &#8222;leider nicht immer&#8220; gelinge, sie im geplanten Zeitraum fertigzustellen.<\/p>\n<p>Kabelschaden versch\u00e4rft die Lage<\/p>\n<p>Ein weiterer Faktor, der aktuell die Lage erschwert, ist ein kurzfristig aufgetretener Kabelschaden n\u00f6rdlich von Donauw\u00f6rth. Dadurch sei derzeit nur ein eingeschr\u00e4nkter und eingleisiger Betrieb zwischen Donauw\u00f6rth und Treuchtlingen m\u00f6glich.<\/p>\n<p>Schienenersatzverkehr als Notl\u00f6sung<\/p>\n<p>Aufgrund der entstandenen Versp\u00e4tungen von bis zu 50 Minuten habe Arverio sich nun kurzfristig dazu entschlossen, bis Freitagabend zwischen Donauw\u00f6rth und Treuchtlingen einen Bus-Notverkehr einzurichten. Damit wolle man den Fahrg\u00e4sten &#8222;wenigstens ein Minimum an Verl\u00e4sslichkeit bieten&#8220;, betont Arverio. Fahrg\u00e4ste k\u00f6nnen den kurzfristigen Notfahrplan \u00fcber die Internetseiten des Unternehmens einsehen.<\/p>\n<p>Arverio am Limit<\/p>\n<p>Das Bahnunternehmen f\u00fchrt weiter an, dass diese Umst\u00e4nde es unm\u00f6glich machten, vern\u00fcnftig zu planen und einen zuverl\u00e4ssigen Betrieb anzubieten. Die Mitarbeitenden w\u00fcrden zwar ihr M\u00f6glichstes versuchen, um die Situation f\u00fcr Fahrg\u00e4ste noch einigerma\u00dfen ertr\u00e4glich zu gestalten. Sie sto\u00dfen jedoch h\u00e4ufig auf durch kurzfristig auftretende Probleme wie den aktuellen Kabelschaden oder das, so Arverio, &#8222;sehr unflexible und nicht mehr in die heutige Zeit passende Vorgehen bei der elektronischen Fahrgastinformation&#8220;. Man befinde sich mit der DB InfraGo im Austausch und <a href=\"https:\/\/www.br.de\/nachrichten\/bayern\/rivalen-der-bahnstrecke-go-ahead-will-entschuldigung-der-bahn,TyULa07\" target=\"_blank\" rel=\"noopener\">dr\u00e4nge auf Besserung<\/a>, so Arverio.<\/p>\n","protected":false},"excerpt":{"rendered":"Reisende erleben insbesondere auf der Bahnstrecke Augsburg-Donauw\u00f6rth-Treuchtlingen momentan massive St\u00f6rungen bei Zugfahrten, das bem\u00e4ngelt auch der Fahrgastverband Pro&hellip;\n","protected":false},"author":2,"featured_media":520892,"comment_status":"","ping_status":"","sticky":false,"template":"","format":"standard","meta":{"footnotes":""},"categories":[1846],"tags":[87764,680,73607,2081,772,3364,29,548,663,3934,30,13,14,15,9286,12,7727],"class_list":{"0":"post-520891","1":"post","2":"type-post","3":"status-publish","4":"format-standard","5":"has-post-thumbnail","7":"category-augsburg","8":"tag-arverio","9":"tag-augsburg","10":"tag-bahnchaos","11":"tag-bauarbeiten","12":"tag-bayern","13":"tag-de","14":"tag-deutschland","15":"tag-eu","16":"tag-europa","17":"tag-europe","18":"tag-germany","19":"tag-headlines","20":"tag-nachrichten","21":"tag-news","22":"tag-schienenersatzverkehr","23":"tag-schlagzeilen","24":"tag-schwaben"},"share_on_mastodon":{"url":"https:\/\/pubeurope.com\/@de\/115423783479013602","error":""},"_links":{"self":[{"href":"https:\/\/www.europesays.com\/de\/wp-json\/wp\/v2\/posts\/520891","targetHints":{"allow":["GET"]}}],"collection":[{"href":"https:\/\/www.europesays.com\/de\/wp-json\/wp\/v2\/posts"}],"about":[{"href":"https:\/\/www.europesays.com\/de\/wp-json\/wp\/v2\/types\/post"}],"author":[{"embeddable":true,"href":"https:\/\/www.europesays.com\/de\/wp-json\/wp\/v2\/users\/2"}],"replies":[{"embeddable":true,"href":"https:\/\/www.europesays.com\/de\/wp-json\/wp\/v2\/comments?post=520891"}],"version-history":[{"count":0,"href":"https:\/\/www.europesays.com\/de\/wp-json\/wp\/v2\/posts\/520891\/revisions"}],"wp:featuredmedia":[{"embeddable":true,"href":"https:\/\/www.europesays.com\/de\/wp-json\/wp\/v2\/media\/520892"}],"wp:attachment":[{"href":"https:\/\/www.europesays.com\/de\/wp-json\/wp\/v2\/media?parent=520891"}],"wp:term":[{"taxonomy":"category","embeddable":true,"href":"https:\/\/www.europesays.com\/de\/wp-json\/wp\/v2\/categories?post=520891"},{"taxonomy":"post_tag","embeddable":true,"href":"https:\/\/www.europesays.com\/de\/wp-json\/wp\/v2\/tags?post=520891"}],"curies":[{"name":"wp","href":"https:\/\/api.w.org\/{rel}","templated":true}]}}