{"id":521120,"date":"2025-10-23T15:46:18","date_gmt":"2025-10-23T15:46:18","guid":{"rendered":"https:\/\/www.europesays.com\/de\/521120\/"},"modified":"2025-10-23T15:46:18","modified_gmt":"2025-10-23T15:46:18","slug":"tolle-freizeit-tipps-fuer-die-aktuelle-woche-3","status":"publish","type":"post","link":"https:\/\/www.europesays.com\/de\/521120\/","title":{"rendered":"Tolle Freizeit-Tipps f\u00fcr die aktuelle Woche"},"content":{"rendered":"<p>          Freizeit-Tipps f\u00fcr n\u00e4chste Woche        Filmpremiere, New Fall Festival, Herbstkirmes \u2013 das ist in D\u00fcsseldorf los<\/p>\n<p class=\"text-50 desktop:text-70 park-container-small px-6 mb-10 desktop:mb-14\">D\u00fcsseldorf \u00b7 <strong data-cy=\"intro\" data-readtime-content=\"\">Nach der Arbeit singen, Salsa tanzen oder gemeinsam Mario Kart spielen \u2013 die neue Woche in D\u00fcsseldorf h\u00e4lt ein abwechslungsreiches Programm bereit. Eine Auswahl.<\/strong><\/p>\n<p>                        <a class=\"absolute bottom-0 inset-x-0 z-10 group\/link before:float-left after:clear-both flex justify-end items-end print:hidden\" href=\"https:\/\/rp-online.de\/imgs\/32\/2\/4\/0\/0\/6\/3\/8\/2\/7\/tok_15cb5079419ee349c0c883264991347b\/w1900_h1267_x1796_y1198_d46249e633f35f6c53e0ec16671e9c49-0c86a4551cf96520.JPG\" title=\"Vergr\u00f6\u00dferte Ansicht\" aria-describedby=\"park-figure-\" data-enlargable=\"image\" rel=\"nofollow noopener\" target=\"_blank\"><\/p>\n<p>                            <\/a><\/p>\n<p>                <img class=\"inset-0 w-full h-full object-cover opacity-0 transition-opacity animated\" onload=\"this.style.opacity = '1';\" src=\"https:\/\/www.europesays.com\/de\/wp-content\/uploads\/2025\/10\/w2100_h1401_x1796_y1198_d46249e633f35f6c53e0ec16671e9c49-0c86a4551cf96520.JPG\"   alt=\"Samy Deluxe kommt zum New Fall Festival nach D\u00fcsseldorf.  Foto: Franziska Krug\/GettyImages\" width=\"3592\" height=\"2396\" fetchpriority=\"high\" decoding=\"async\" data-park-image-img=\"\"\/><\/p>\n<p class=\"block font-sans text-30 text-black-almost dark:text-white-almost desktop:text-40 desktop:[.floated_&amp;]:text-30 mt-3 desktop:[.floated_&amp;]:mt-3 desktop:mt-4\" data-readtime-content=\"\">\n        Samy Deluxe kommt zum New Fall Festival nach D\u00fcsseldorf.  Foto: Franziska Krug\/GettyImages\n    <\/p>\n<p>    Foto: Channel Aid via Getty Images\/Franziska Krug  <\/p>\n","protected":false},"excerpt":{"rendered":"Freizeit-Tipps f\u00fcr n\u00e4chste Woche Filmpremiere, New Fall Festival, Herbstkirmes \u2013 das ist in D\u00fcsseldorf los D\u00fcsseldorf \u00b7 Nach&hellip;\n","protected":false},"author":2,"featured_media":521121,"comment_status":"","ping_status":"","sticky":false,"template":"","format":"standard","meta":{"footnotes":""},"categories":[1831],"tags":[97341,3364,29,3405,30,101,1209,97342,9717,20270],"class_list":{"0":"post-521120","1":"post","2":"type-post","3":"status-publish","4":"format-standard","5":"has-post-thumbnail","7":"category-duesseldorf","8":"tag-18-30","9":"tag-de","10":"tag-deutschland","11":"tag-duesseldorf","12":"tag-germany","13":"tag-lesung","14":"tag-nordrhein-westfalen","15":"tag-schaette","16":"tag-uhr","17":"tag-vortrag"},"share_on_mastodon":{"url":"https:\/\/pubeurope.com\/@de\/115424263408376904","error":""},"_links":{"self":[{"href":"https:\/\/www.europesays.com\/de\/wp-json\/wp\/v2\/posts\/521120","targetHints":{"allow":["GET"]}}],"collection":[{"href":"https:\/\/www.europesays.com\/de\/wp-json\/wp\/v2\/posts"}],"about":[{"href":"https:\/\/www.europesays.com\/de\/wp-json\/wp\/v2\/types\/post"}],"author":[{"embeddable":true,"href":"https:\/\/www.europesays.com\/de\/wp-json\/wp\/v2\/users\/2"}],"replies":[{"embeddable":true,"href":"https:\/\/www.europesays.com\/de\/wp-json\/wp\/v2\/comments?post=521120"}],"version-history":[{"count":0,"href":"https:\/\/www.europesays.com\/de\/wp-json\/wp\/v2\/posts\/521120\/revisions"}],"wp:featuredmedia":[{"embeddable":true,"href":"https:\/\/www.europesays.com\/de\/wp-json\/wp\/v2\/media\/521121"}],"wp:attachment":[{"href":"https:\/\/www.europesays.com\/de\/wp-json\/wp\/v2\/media?parent=521120"}],"wp:term":[{"taxonomy":"category","embeddable":true,"href":"https:\/\/www.europesays.com\/de\/wp-json\/wp\/v2\/categories?post=521120"},{"taxonomy":"post_tag","embeddable":true,"href":"https:\/\/www.europesays.com\/de\/wp-json\/wp\/v2\/tags?post=521120"}],"curies":[{"name":"wp","href":"https:\/\/api.w.org\/{rel}","templated":true}]}}