{"id":521122,"date":"2025-10-23T15:47:12","date_gmt":"2025-10-23T15:47:12","guid":{"rendered":"https:\/\/www.europesays.com\/de\/521122\/"},"modified":"2025-10-23T15:47:12","modified_gmt":"2025-10-23T15:47:12","slug":"strassenbau-in-stuttgart-baustelle-zwischen-fellbach-und-untertuerkheim-umwege-fuer-bus-und-autoverkehr-krz-plus","status":"publish","type":"post","link":"https:\/\/www.europesays.com\/de\/521122\/","title":{"rendered":"Stra\u00dfenbau in Stuttgart: Baustelle zwischen Fellbach und Untert\u00fcrkheim \u2013 Umwege f\u00fcr Bus- und Autoverkehr &#8211; KRZ Plus"},"content":{"rendered":"<p>Die Kappelbergstra\u00dfe wird wegen Kanalarbeiten gesperrt \u2013 f\u00fcr mehr als zwei Jahre. Die Kosten belaufen sich auf rund 7,5 Millionen Euro.<\/p>\n<p>Mehr als 8000 Autos, Busse und Lastwagen rollen t\u00e4glich \u00fcber die Kappelbergstra\u00dfe in <a href=\"https:\/\/www.krzbb.de\/thema\/Stuttgart-Untert%C3%BCrkheim\" title=\"Untert\u00fcrkheim\" class=\"art_thema\" target=\"_blank\" rel=\"noopener\">Untert\u00fcrkheim<\/a>. Noch. Denn ab Anfang kommenden Jahres wird die Hauptverbindung zwischen dem Ortskern und dem Stadtteil Luginsland sowie <a href=\"https:\/\/www.krzbb.de\/thema\/Fellbach\" title=\"Fellbach\" class=\"art_thema\" target=\"_blank\" rel=\"noopener\">Fellbach<\/a> wegen wichtiger Kanalsanierungen komplett gesperrt \u2013 f\u00fcr mehr als zwei Jahre. Die Baustelle sorgt f\u00fcr massive Einschr\u00e4nkungen und weite Umwege im Auto- und Busverkehr.<\/p>\n","protected":false},"excerpt":{"rendered":"Die Kappelbergstra\u00dfe wird wegen Kanalarbeiten gesperrt \u2013 f\u00fcr mehr als zwei Jahre. Die Kosten belaufen sich auf rund&hellip;\n","protected":false},"author":2,"featured_media":521123,"comment_status":"","ping_status":"","sticky":false,"template":"","format":"standard","meta":{"footnotes":""},"categories":[1830],"tags":[1634,129032,3364,29,6725,30,73890,69993,6842,129031,1441,13319],"class_list":{"0":"post-521122","1":"post","2":"type-post","3":"status-publish","4":"format-standard","5":"has-post-thumbnail","7":"category-stuttgart","8":"tag-baden-wuerttemberg","9":"tag-buslinie-60","10":"tag-de","11":"tag-deutschland","12":"tag-fellbach","13":"tag-germany","14":"tag-kanalsanierung","15":"tag-kappelbergstrasse","16":"tag-ssb","17":"tag-strassensperrun","18":"tag-stuttgart","19":"tag-stuttgart-untertuerkheim"},"share_on_mastodon":{"url":"https:\/\/pubeurope.com\/@de\/115424267227531521","error":""},"_links":{"self":[{"href":"https:\/\/www.europesays.com\/de\/wp-json\/wp\/v2\/posts\/521122","targetHints":{"allow":["GET"]}}],"collection":[{"href":"https:\/\/www.europesays.com\/de\/wp-json\/wp\/v2\/posts"}],"about":[{"href":"https:\/\/www.europesays.com\/de\/wp-json\/wp\/v2\/types\/post"}],"author":[{"embeddable":true,"href":"https:\/\/www.europesays.com\/de\/wp-json\/wp\/v2\/users\/2"}],"replies":[{"embeddable":true,"href":"https:\/\/www.europesays.com\/de\/wp-json\/wp\/v2\/comments?post=521122"}],"version-history":[{"count":0,"href":"https:\/\/www.europesays.com\/de\/wp-json\/wp\/v2\/posts\/521122\/revisions"}],"wp:featuredmedia":[{"embeddable":true,"href":"https:\/\/www.europesays.com\/de\/wp-json\/wp\/v2\/media\/521123"}],"wp:attachment":[{"href":"https:\/\/www.europesays.com\/de\/wp-json\/wp\/v2\/media?parent=521122"}],"wp:term":[{"taxonomy":"category","embeddable":true,"href":"https:\/\/www.europesays.com\/de\/wp-json\/wp\/v2\/categories?post=521122"},{"taxonomy":"post_tag","embeddable":true,"href":"https:\/\/www.europesays.com\/de\/wp-json\/wp\/v2\/tags?post=521122"}],"curies":[{"name":"wp","href":"https:\/\/api.w.org\/{rel}","templated":true}]}}