{"id":521181,"date":"2025-10-23T16:17:16","date_gmt":"2025-10-23T16:17:16","guid":{"rendered":"https:\/\/www.europesays.com\/de\/521181\/"},"modified":"2025-10-23T16:17:16","modified_gmt":"2025-10-23T16:17:16","slug":"lichterfest-2025-mit-verkaufsoffenem-sonntag","status":"publish","type":"post","link":"https:\/\/www.europesays.com\/de\/521181\/","title":{"rendered":"Lichterfest 2025 mit verkaufsoffenem Sonntag"},"content":{"rendered":"<p class=\"preFade fadeIn\"><strong>Freitag, 31. Oktober 2025<\/strong><\/p>\n<p class=\"preFade fadeIn\">18 Uhr: Kr\u00f6nung der 21. Halleschen Lichterfee auf dem Marktplatz, anschlie\u00dfend feierlicher Rundgang durch die Innenstadt mit spektakul\u00e4ren Feueraktionen und der M\u00f6glichkeit f\u00fcr Fotos mit der Lichterfee.<\/p>\n<p class=\"preFade fadeIn\"><strong>Samstag, 01. November 2025<\/strong><\/p>\n<p class=\"preFade fadeIn\">Ab 16 Uhr: Familienprogramm mit Lampionbasteln im Hauptbahnhof, Auftritt der Lichterfee mit ihrem Gefolge, Kinderprogramm auf dem Marktplatz, Gro\u00dfer Lampionumzug vom Bahnhof zum Marktplatz, Abschluss mit der Gute-Nacht-Geschichte der Lichterfee und einer eindrucksvollen Lasershow<\/p>\n<p class=\"preFade fadeIn\"><strong>Sonntag, 02. November 2025<\/strong><\/p>\n<p class=\"preFade fadeIn\">13 \u2013 18 Uhr: Verkaufsoffener Sonntag<\/p>\n<p class=\"preFade fadeIn\">Ab 17.30 Uhr: Abschlussveranstaltung mit dem Lions-Lichterbild und einem gigantischen H\u00f6henfeuerwerk im Herzen von Halle<\/p>\n","protected":false},"excerpt":{"rendered":"Freitag, 31. Oktober 2025 18 Uhr: Kr\u00f6nung der 21. Halleschen Lichterfee auf dem Marktplatz, anschlie\u00dfend feierlicher Rundgang durch&hellip;\n","protected":false},"author":2,"featured_media":521182,"comment_status":"","ping_status":"","sticky":false,"template":"","format":"standard","meta":{"footnotes":""},"categories":[1860],"tags":[3364,29,548,663,3934,30,4062,17332,13,14,15,17331,860,12],"class_list":{"0":"post-521181","1":"post","2":"type-post","3":"status-publish","4":"format-standard","5":"has-post-thumbnail","7":"category-halle-saale","8":"tag-de","9":"tag-deutschland","10":"tag-eu","11":"tag-europa","12":"tag-europe","13":"tag-germany","14":"tag-halle","15":"tag-halle-saale","16":"tag-headlines","17":"tag-nachrichten","18":"tag-news","19":"tag-saale","20":"tag-sachsen-anhalt","21":"tag-schlagzeilen"},"share_on_mastodon":{"url":"https:\/\/pubeurope.com\/@de\/115424385028210881","error":""},"_links":{"self":[{"href":"https:\/\/www.europesays.com\/de\/wp-json\/wp\/v2\/posts\/521181","targetHints":{"allow":["GET"]}}],"collection":[{"href":"https:\/\/www.europesays.com\/de\/wp-json\/wp\/v2\/posts"}],"about":[{"href":"https:\/\/www.europesays.com\/de\/wp-json\/wp\/v2\/types\/post"}],"author":[{"embeddable":true,"href":"https:\/\/www.europesays.com\/de\/wp-json\/wp\/v2\/users\/2"}],"replies":[{"embeddable":true,"href":"https:\/\/www.europesays.com\/de\/wp-json\/wp\/v2\/comments?post=521181"}],"version-history":[{"count":0,"href":"https:\/\/www.europesays.com\/de\/wp-json\/wp\/v2\/posts\/521181\/revisions"}],"wp:featuredmedia":[{"embeddable":true,"href":"https:\/\/www.europesays.com\/de\/wp-json\/wp\/v2\/media\/521182"}],"wp:attachment":[{"href":"https:\/\/www.europesays.com\/de\/wp-json\/wp\/v2\/media?parent=521181"}],"wp:term":[{"taxonomy":"category","embeddable":true,"href":"https:\/\/www.europesays.com\/de\/wp-json\/wp\/v2\/categories?post=521181"},{"taxonomy":"post_tag","embeddable":true,"href":"https:\/\/www.europesays.com\/de\/wp-json\/wp\/v2\/tags?post=521181"}],"curies":[{"name":"wp","href":"https:\/\/api.w.org\/{rel}","templated":true}]}}