{"id":521190,"date":"2025-10-23T16:23:10","date_gmt":"2025-10-23T16:23:10","guid":{"rendered":"https:\/\/www.europesays.com\/de\/521190\/"},"modified":"2025-10-23T16:23:10","modified_gmt":"2025-10-23T16:23:10","slug":"stadtfuehrungen-in-moenchengladbach-niersradio-special","status":"publish","type":"post","link":"https:\/\/www.europesays.com\/de\/521190\/","title":{"rendered":"Stadtf\u00fchrungen in M\u00f6nchengladbach | NiersRadio Special"},"content":{"rendered":"<p class=\"card__subtitle\"> Spezial-Ausgabe von NiersRadio aus M\u00f6nchengladbach <\/p>\n<p>Die Gro\u00dfstadt M\u00f6nchengladbach hat einiges zu bieten. Corinna Greven ist Stadtf\u00fchrerin und begleitet bereits seit 20 Jahren mit viel Leidenschaft und Humor die unterschiedlichsten St\u00e4dtetouren durch M\u00f6nchengladbach. Im Gespr\u00e4ch mit Moderatorin Petra verr\u00e4t Corinna Greven, wie sie zu ihrem recht speziellen Job gekommen ist &#8211; und was St\u00e4dtetouren so besonders macht. Von spannenden Geschichten \u00fcber kuriose Anekdoten bis hin zu echten G\u00e4nsehautmomenten hat die St\u00e4dtef\u00fchrerin schon alles erlebt. In der Spezial-Ausgabe vom &#8222;<a href=\"https:\/\/www.nrwision.de\/mediathek\/macher\/niersradio\" target=\"_blank\" rel=\"noopener\">NiersRadio<\/a>&#8220; spricht Corinna Greven auch \u00fcber das breitgef\u00e4cherte Angebot an Stadttouren in M\u00f6nchengladbach. Passend zur anstehenden <a href=\"https:\/\/www.nrwision.de\/mediathek\/themen\/halloween\" target=\"_blank\" rel=\"noopener\">Halloween<\/a>-Zeit bietet Corinna Greven auch eine Gruseltour und eine spezielle <a href=\"https:\/\/www.nrwision.de\/mediathek\/themen\/halloween\" target=\"_blank\" rel=\"noopener\">Halloween<\/a>-Stadttour an.<\/p>\n","protected":false},"excerpt":{"rendered":"Spezial-Ausgabe von NiersRadio aus M\u00f6nchengladbach Die Gro\u00dfstadt M\u00f6nchengladbach hat einiges zu bieten. Corinna Greven ist Stadtf\u00fchrerin und begleitet&hellip;\n","protected":false},"author":2,"featured_media":521191,"comment_status":"","ping_status":"","sticky":false,"template":"","format":"standard","meta":{"footnotes":""},"categories":[1849],"tags":[84797,630,3364,29,548,663,3934,30,2989,92048,98438,13,5298,1942,30718,4455,14,15,1209,12,10279,3041,129044,11028,129043],"class_list":{"0":"post-521190","1":"post","2":"type-post","3":"status-publish","4":"format-standard","5":"has-post-thumbnail","7":"category-moenchengladbach","8":"tag-halloween","9":"tag-beruf","10":"tag-de","11":"tag-deutschland","12":"tag-eu","13":"tag-europa","14":"tag-europe","15":"tag-germany","16":"tag-geschichte","17":"tag-grusel","18":"tag-gruselig","19":"tag-headlines","20":"tag-humor","21":"tag-job","22":"tag-leidenschaft","23":"tag-moenchengladbach","24":"tag-nachrichten","25":"tag-news","26":"tag-nordrhein-westfalen","27":"tag-schlagzeilen","28":"tag-sehenswuerdigkeit","29":"tag-stadt","30":"tag-stadtfuehrerin","31":"tag-stadtgeschichte","32":"tag-stadttour"},"share_on_mastodon":{"url":"https:\/\/pubeurope.com\/@de\/115424408632243899","error":""},"_links":{"self":[{"href":"https:\/\/www.europesays.com\/de\/wp-json\/wp\/v2\/posts\/521190","targetHints":{"allow":["GET"]}}],"collection":[{"href":"https:\/\/www.europesays.com\/de\/wp-json\/wp\/v2\/posts"}],"about":[{"href":"https:\/\/www.europesays.com\/de\/wp-json\/wp\/v2\/types\/post"}],"author":[{"embeddable":true,"href":"https:\/\/www.europesays.com\/de\/wp-json\/wp\/v2\/users\/2"}],"replies":[{"embeddable":true,"href":"https:\/\/www.europesays.com\/de\/wp-json\/wp\/v2\/comments?post=521190"}],"version-history":[{"count":0,"href":"https:\/\/www.europesays.com\/de\/wp-json\/wp\/v2\/posts\/521190\/revisions"}],"wp:featuredmedia":[{"embeddable":true,"href":"https:\/\/www.europesays.com\/de\/wp-json\/wp\/v2\/media\/521191"}],"wp:attachment":[{"href":"https:\/\/www.europesays.com\/de\/wp-json\/wp\/v2\/media?parent=521190"}],"wp:term":[{"taxonomy":"category","embeddable":true,"href":"https:\/\/www.europesays.com\/de\/wp-json\/wp\/v2\/categories?post=521190"},{"taxonomy":"post_tag","embeddable":true,"href":"https:\/\/www.europesays.com\/de\/wp-json\/wp\/v2\/tags?post=521190"}],"curies":[{"name":"wp","href":"https:\/\/api.w.org\/{rel}","templated":true}]}}