{"id":521304,"date":"2025-10-23T17:29:25","date_gmt":"2025-10-23T17:29:25","guid":{"rendered":"https:\/\/www.europesays.com\/de\/521304\/"},"modified":"2025-10-23T17:29:25","modified_gmt":"2025-10-23T17:29:25","slug":"florian-illies-ironisch-dramatische-lesung-ueber-die-familie-mann","status":"publish","type":"post","link":"https:\/\/www.europesays.com\/de\/521304\/","title":{"rendered":"Florian Illies: Ironisch-dramatische Lesung \u00fcber die Familie Mann"},"content":{"rendered":"<p>        <img decoding=\"async\" src=\"https:\/\/www.europesays.com\/de\/wp-content\/uploads\/2025\/10\/illies-106.webp\" alt=\"Ein Mann mit hellbraunen Haaren und Brille l\u00e4chelt in die Kamera.\" title=\"Ein Mann mit hellbraunen Haaren und Brille l\u00e4chelt in die Kamera. | picture alliance\/dpa\/Kessler-Sportfotografie | J\u00fcrgen Kessler\" class=\"responsive\"\/><\/p>\n<p>AUDIO: Florian Illies pr\u00e4sentiert sein Sachbuch \u00fcber die Familie Mann (3 Min)<\/p>\n<p>\n            Stand: 23.10.2025 17:38 Uhr<\/p>\n<p class=\"preface\">Bestsellerautor Florian Illies hat im Lichthof der Universit\u00e4tsbibliothek in Hamburg sein neues Sachbuch \u00fcber die Familie von Thomas Mann im Exil vorgestellt &#8211; ein historischer R\u00fcckblick, der sich wie ein atemloser Kinofilm liest. <\/p>\n<p class=\"textauthor\">von <a href=\"https:\/\/www.ndr.de\/nachrichten\/hamburg\/wir_ueber_uns\/peter-helling,peterhelling112.html\" target=\"_blank\" rel=\"noopener\">Peter Helling<\/a><\/p>\n<p class=\"\">Es ist Thomas-Mann-Jahr, der Autor wurde vor 150 Jahren geboren, und gegen Ende des Jubil\u00e4umsjahres erscheint jetzt ein neues Sachbuch \u00fcber seine Familie im franz\u00f6sischen Exil. Das sch\u00f6ne Foto auf dem Buchcover tr\u00fcgt &#8211; eine Frau sitzt auf einer sonnigen Terrasse, den eleganten Strohhut tief ins Gesicht gezogen. Hinter ihr das Mittelmeer im kleinen franz\u00f6sischen Ort Sanary-sur-Mer.<\/p>\n<p>    Idyll deutet Trag\u00f6die an<\/p>\n<p class=\"\">&#8222;Was ich verraten kann: Es ist exakt die r\u00e4umliche Situation jener Villa, in der die Familie Mann in Sanary sp\u00e4ter gelebt hat, auf einer Landzunge&#8220;, erz\u00e4hlt Illies dem Publikum. Was hier wie ein Idyll aussieht, deutet auf eine Trag\u00f6die hin, zeigt das Exil. Und setzt die Atmosph\u00e4re seines dichten Sachbuches: &#8222;Wenn die Sonne untergeht\u202f-\u202fFamilie Mann in Sanary&#8220;.<\/p>\n<p class=\"\">Es geht um den Schicksalssommer 1933, das Jahr, als Hitler in Deutschland die Macht \u00fcbernahm &#8211; das Jahr, in dem das Exil f\u00fcr die vielleicht bekannteste K\u00fcnstlerfamilie \u00fcberhaupt begann. &#8222;Ich glaube, dass die Momente, in denen wir uns unbeobachtet f\u00fchlen, am meisten \u00fcber uns erz\u00e4hlen, und in diesem Sommer &#8217;33 f\u00fchlten sich Thomas und diese Familie unbeobachtet. Die ist so aus der Bahn geworfen durch dieses pl\u00f6tzliche Aufkommen des Nationalsozialismus in Deutschland &#8211; dieses pl\u00f6tzliche Exil&#8220;, erkl\u00e4rt der Autor.<\/p>\n<p>    Familie unter dem Mikroskop<\/p>\n<p class=\"\">Florian Illies w\u00e4hlt einen zeitlichen Ausschnitt, n\u00e4hert sich dieser Familie von Genies und vertrackten Existenzen mit gebotener Ironie und liebevoller Distanz, setzt sie unter sein Mikroskop:<\/p>\n<blockquote><p>\n        Thomas Mann unterdr\u00fcckt seine Wut und zieht das nach Veilchen duftende Taschentuch aus der Jacke. Er entfaltet den Seidenstoff dabei nie, sondern tupft sich nur ernst und kurz die Stirn.<\/p>\n<p>                Leseprobe<\/p>\n<\/blockquote>\n<p class=\"\">Der Autor liest, ohne in seine Texte zu blicken, als kenne er jede Zeile auswendig, die Finger aneinandergelegt. Florian Illies hat die Villa der Manns vor Ort tats\u00e4chlich besucht, eine Baustelle, ist \u00fcber den Bauzaun geklettert, hat gelauscht, was die Manns damals h\u00f6rten. &#8222;Man h\u00f6rt das Meer, und so sa\u00df ich da, lange&#8220;, schwelgt er in der Erinnerung. Eine Badezimmerfliese hat er aus dem Bauschutt gerettet.<\/p>\n<p>        <img decoding=\"async\" src=\"https:\/\/www.europesays.com\/de\/wp-content\/uploads\/2025\/10\/coverillies-100.webp\" alt=\"Cover: Florian Illies, &quot;Wenn die Sonne untergeht \u2013 Familie Mann in Sanary&quot;\" title=\"Cover: Florian Illies, &quot;Wenn die Sonne untergeht \u2013 Familie Mann in Sanary&quot; | S. Fischer\" class=\"responsive\" loading=\"lazy\"\/><\/p>\n<p>Florian Illies erz\u00e4hlt gewohnt charmant und kenntnisreich. Er montiert Dutzende Anekdoten zu einem packenden Erz\u00e4hlstrom.<\/p>\n<p>    Mikro-Einblick statt Vorgelperspektive<\/p>\n<p class=\"\">&#8222;Der Mikro-Einblick in diese Zeit: Es gibt ja etliche B\u00fccher \u00fcber diese Zeit, und da ist so ein kleiner Ausschnitt manchmal erhellender als die Vogelperspektive&#8220;, erz\u00e4hlt ein Besucher. &#8222;Die Familie ist nat\u00fcrlich an sich schon spannend. Ich mag aber auch die leicht ironische Art von Florian Illies, so ein Geschichtsbild zu entwerfen&#8220;, bemerkt eine Besucherin<\/p>\n<p class=\"\">Die Manns mussten sich finanziell keine Sorgen im Exil in Sanary machen, sie lebten auf gro\u00dfem Fu\u00df, fast wie die Royals. Illies nennt es ein &#8222;Exil de luxe&#8220;. Hinter der Mittelmeer-Idylle bricht aber eine Welt zusammen. Das Haus der Manns in M\u00fcnchen wird gepl\u00fcndert, ihre B\u00fccher werden verbrannt. &#8222;Er hat einfach das Gef\u00fchl daf\u00fcr, eine besondere Zeit auszuw\u00e4hlen&#8220;, betont eine Besucherin. &#8222;Informativ und unterhaltsam, besser kann&#8217;s gar nicht sein.&#8220;<\/p>\n<p>    Abend zwischen Ironie und Abgrund<\/p>\n<p class=\"\">Was Florian Illies gelingt, ist das Portr\u00e4t eines dramatischen \u00dcbergangs: Er erz\u00e4hlt, wie das Elternpaar Mann aus M\u00fcnchen, ohne es zu ahnen, Deutschland f\u00fcr immer verlie\u00df, wie Golo Mann die Tageb\u00fccher von Thomas und Klaus vor den Nazis rettete, wie Erika und Klaus sich Drogen spritzten. Immer in Angst vor dem \u00dcbervater. \u00a0<\/p>\n<blockquote><p>\n        Da kommt der Hausherr aus seinem Arbeitszimmer und geht mit festem Schritt zu seinem Platz &#8211; mit einem kleinen Kopfnicken gibt er seinen Kindern das Zeichen, sich setzen zu d\u00fcrfen. <\/p>\n<p>                Leseprobe<\/p>\n<\/blockquote>\n<p class=\"\">So entsteht ein nachdenklich-poetischer Abend zwischen Ironie und Abgrund. &#8222;Der Weltgeist, er war in diesem Jahr 1933 eindeutig nicht in Berlin. Ich glaube, er war auch im Exil, in Sanary&#8220;, sagt Illies. Exil kennt keine Romantik. Ist immer existenziell, ob de luxe, oder in blanker Armut.<\/p>\n<p>        <img decoding=\"async\" src=\"https:\/\/www.europesays.com\/de\/wp-content\/uploads\/2025\/10\/thomasmann214.webp\" alt=\"Ein Mann mittleren Alters steht, die H\u00e4nde in die Hosentaschen, vor einer Flusslandschaft. Es ist der Autor Thomas Mann (Schwarz-Wei\u00df-Bild) 1953 bei einem Besuch Hamburgs.\" title=\"Thomas Mann an der Elbe in Hamburg. Er besuchte die Stadt 1953 aus Gro\u00dfbritannien kommend, wo er die Ehrendoktorw\u00fcrde der Universit\u00e4t Cambridge erhalten hatte. | picture alliance \/ ASSOCIATED PRESS | BRUEGGEMAN, BRUEGGEMAN\" class=\"responsive\" loading=\"lazy\"\/><\/p>\n<p>Vor 70 Jahren starb der &#8222;Buddenbrooks&#8220;-Autor, sein Geburtstag j\u00e4hrte sich am 6. Juni 2025 zum 150. Mal. Der NDR berichtet umfassend \u00fcber den Nobelpreistr\u00e4ger aus L\u00fcbeck.<\/p>\n<p>        <img decoding=\"async\" src=\"https:\/\/www.europesays.com\/de\/wp-content\/uploads\/2025\/10\/buecher-130.webp\" alt=\"Eine Hand greift zu einem B\u00fccherstapel - darauf eine Sanduhr.\" title=\"Eine Hand greift zu einem B\u00fccherstapel - darauf eine Sanduhr. | picture alliance \/ Westend61 | RODOBOT\" class=\"responsive\" loading=\"lazy\"\/><\/p>\n<p>Die B\u00fccher auf der Longlist behandeln Themen wie Leben und Sterben, Krieg, Gender-Medizin, Artenvielfalt oder Kinder.<\/p>\n","protected":false},"excerpt":{"rendered":"AUDIO: Florian Illies pr\u00e4sentiert sein Sachbuch \u00fcber die Familie Mann (3 Min) Stand: 23.10.2025 17:38 Uhr Bestsellerautor Florian&hellip;\n","protected":false},"author":2,"featured_media":521305,"comment_status":"","ping_status":"","sticky":false,"template":"","format":"standard","meta":{"footnotes":""},"categories":[1774],"tags":[72943,1784,1797,1785,29,214,65456,6793,30,34092,1904,116721,38194,215],"class_list":{"0":"post-521304","1":"post","2":"type-post","3":"status-publish","4":"format-standard","5":"has-post-thumbnail","7":"category-buecher","8":"tag-72943","9":"tag-books","10":"tag-buch","11":"tag-buecher","12":"tag-deutschland","13":"tag-entertainment","14":"tag-exil","15":"tag-florian-illies","16":"tag-germany","17":"tag-nazizeit","18":"tag-sachbuch","19":"tag-sanary-sur-mer","20":"tag-thomas-mann","21":"tag-unterhaltung"},"share_on_mastodon":{"url":"https:\/\/pubeurope.com\/@de\/115424669608058983","error":""},"_links":{"self":[{"href":"https:\/\/www.europesays.com\/de\/wp-json\/wp\/v2\/posts\/521304","targetHints":{"allow":["GET"]}}],"collection":[{"href":"https:\/\/www.europesays.com\/de\/wp-json\/wp\/v2\/posts"}],"about":[{"href":"https:\/\/www.europesays.com\/de\/wp-json\/wp\/v2\/types\/post"}],"author":[{"embeddable":true,"href":"https:\/\/www.europesays.com\/de\/wp-json\/wp\/v2\/users\/2"}],"replies":[{"embeddable":true,"href":"https:\/\/www.europesays.com\/de\/wp-json\/wp\/v2\/comments?post=521304"}],"version-history":[{"count":0,"href":"https:\/\/www.europesays.com\/de\/wp-json\/wp\/v2\/posts\/521304\/revisions"}],"wp:featuredmedia":[{"embeddable":true,"href":"https:\/\/www.europesays.com\/de\/wp-json\/wp\/v2\/media\/521305"}],"wp:attachment":[{"href":"https:\/\/www.europesays.com\/de\/wp-json\/wp\/v2\/media?parent=521304"}],"wp:term":[{"taxonomy":"category","embeddable":true,"href":"https:\/\/www.europesays.com\/de\/wp-json\/wp\/v2\/categories?post=521304"},{"taxonomy":"post_tag","embeddable":true,"href":"https:\/\/www.europesays.com\/de\/wp-json\/wp\/v2\/tags?post=521304"}],"curies":[{"name":"wp","href":"https:\/\/api.w.org\/{rel}","templated":true}]}}