{"id":52175,"date":"2025-04-22T13:20:12","date_gmt":"2025-04-22T13:20:12","guid":{"rendered":"https:\/\/www.europesays.com\/de\/52175\/"},"modified":"2025-04-22T13:20:12","modified_gmt":"2025-04-22T13:20:12","slug":"halle-nachts-keine-strassenbahn-zwischen-marktplatz-und-neustadt","status":"publish","type":"post","link":"https:\/\/www.europesays.com\/de\/52175\/","title":{"rendered":"Halle: Nachts keine Stra\u00dfenbahn zwischen Marktplatz und Neustadt"},"content":{"rendered":"<p class=\"text\">\nNachtschw\u00e4rmer, die in <a href=\"https:\/\/www.mdr.de\/nachrichten\/sachsen-anhalt\/halle\/region-halle-nachrichtenfeed100.html\" title=\"Halle News | Aktuelle Nachrichten\" rel=\"nofollow noopener\" target=\"_blank\">Halle<\/a> gern die Stra\u00dfenbahn nehmen, m\u00fcssen sich von Dienstagabend an auf \u00c4nderungen einstellen. Wie die <a href=\"https:\/\/havag.com\/\" title=\"HAVAG\" data-ctrl-link=\"{&#039;id&#039;: &#039;dc4fd6db-ebe3-4b50-a169-2e66e25f7998&#039;,&#039;type&#039;:&#039;external&#039;,&#039;window&#039;:{&#039;type&#039;:&#039;empty&#039;,&#039;config&#039;:{&#039;title&#039;:&#039;HAVAG&#039;,&#039;top&#039;:&#039;0&#039;,&#039;left&#039;:&#039;0&#039;,&#039;width&#039;:&#039;0&#039;,&#039;height&#039;:&#039;0&#039;,&#039;status&#039;:&#039;0&#039;,&#039;menubar&#039;:&#039;0&#039;,&#039;location&#039;:&#039;0&#039;,&#039;scroll&#039;:&#039;0&#039;,&#039;toolbar&#039;:&#039;0&#039;,&#039;resizable&#039;:&#039;0&#039;}}}\" rel=\"nofollow noopener\" target=\"_blank\">Hallesche Verkehrs-AG (Havag)<\/a> mitteilte, fahren drei N\u00e4chte lang keine Stra\u00dfenbahnen vom Markt nach <a href=\"https:\/\/www.mdr.de\/nachrichten\/sachsen-anhalt\/halle\/halle\/abschaltung-heizung-warmwasser-hunderte-mieter-100.html\" title=\"Heizung und Warmwasser erneut vor Abschaltung: Hunderte Mieter in Halle-Neustadt betroffen\" rel=\"nofollow noopener\" target=\"_blank\">Halle-Neustadt<\/a>.\n<\/p>\n<p>\u00c4nderungen auf vier Stra\u00dfenbahn- und Buslinien<\/p>\n<p class=\"text\">\nGrund sind demnach Bauarbeiten an der Oberleitung in der Mansfelder Stra\u00dfe. Im Sp\u00e4t- und Nachtverkehr w\u00fcrden Busse als Ersatz eingesetzt. Die Haltestellen <a href=\"https:\/\/www.mdr.de\/nachrichten\/sachsen-anhalt\/halle\/halle\/industrie-fotografie-ausstellung-saline-kultur-news-100.html\" title=\"Von Chemiefabrik bis Kalibergbau: Salinemuseum Halle zeigt Sachsen-Anhalts Industriekultur\" rel=\"nofollow noopener\" target=\"_blank\">Saline<\/a> und Ankerstra\u00dfe werden nicht bedient. Die Sperrung gilt den Angaben zufolge immer zwischen 20 Uhr abends und 3:30 Uhr morgens.\n<\/p>\n<p class=\"text\">\nNach Angaben der Havag sind die Stra\u00dfenbahnlinien 2 und 94 betroffen, aber auch auf den Buslinien 91 und 97 kommt es wegen der Arbeiten zu Strecken\u00e4nderungen. Wie die konkret aussehen, kann im <a href=\"https:\/\/havag.com\/verkehrsmelder\" title=\"Verkehrsmelder HAVAG\" data-ctrl-link=\"{&#039;id&#039;: &#039;00f422ea-85a2-46c6-892f-cec8ce670a88&#039;,&#039;type&#039;:&#039;external&#039;,&#039;window&#039;:{&#039;type&#039;:&#039;blank&#039;,&#039;config&#039;:{&#039;title&#039;:&#039;Verkehrsmelder HAVAG&#039;,&#039;top&#039;:&#039;0&#039;,&#039;left&#039;:&#039;0&#039;,&#039;width&#039;:&#039;0&#039;,&#039;height&#039;:&#039;0&#039;,&#039;status&#039;:&#039;0&#039;,&#039;menubar&#039;:&#039;0&#039;,&#039;location&#039;:&#039;0&#039;,&#039;scroll&#039;:&#039;0&#039;,&#039;toolbar&#039;:&#039;0&#039;,&#039;resizable&#039;:&#039;0&#039;}}}\" rel=\"nofollow noopener\" target=\"_blank\">Verkehrsmelder der Havag<\/a> f\u00fcr jede einzelne Linie nachgelesen werden.<\/p>\n","protected":false},"excerpt":{"rendered":"Nachtschw\u00e4rmer, die in Halle gern die Stra\u00dfenbahn nehmen, m\u00fcssen sich von Dienstagabend an auf \u00c4nderungen einstellen. Wie die&hellip;\n","protected":false},"author":2,"featured_media":52176,"comment_status":"","ping_status":"","sticky":false,"template":"","format":"standard","meta":{"footnotes":"","_share_on_mastodon":"0"},"categories":[1860],"tags":[24943,2081,10415,3364,29,548,663,3934,30,4062,17332,24940,13,24941,81,14,17444,15,2228,6211,17331,860,24942,12,4900],"class_list":["post-52175","post","type-post","status-publish","format-standard","has-post-thumbnail","category-halle-saale","tag-ankerstrasse","tag-bauarbeiten","tag-bus","tag-de","tag-deutschland","tag-eu","tag-europa","tag-europe","tag-germany","tag-halle","tag-halle-saale","tag-havag","tag-headlines","tag-mansfelder-strasse","tag-mdr","tag-nachrichten","tag-nacht","tag-news","tag-oberleitung","tag-regionalportal","tag-saale","tag-sachsen-anhalt","tag-saline","tag-schlagzeilen","tag-strassenbahn"],"share_on_mastodon":{"url":"https:\/\/pubeurope.com\/@de\/114381823953114981","error":""},"_links":{"self":[{"href":"https:\/\/www.europesays.com\/de\/wp-json\/wp\/v2\/posts\/52175","targetHints":{"allow":["GET"]}}],"collection":[{"href":"https:\/\/www.europesays.com\/de\/wp-json\/wp\/v2\/posts"}],"about":[{"href":"https:\/\/www.europesays.com\/de\/wp-json\/wp\/v2\/types\/post"}],"author":[{"embeddable":true,"href":"https:\/\/www.europesays.com\/de\/wp-json\/wp\/v2\/users\/2"}],"replies":[{"embeddable":true,"href":"https:\/\/www.europesays.com\/de\/wp-json\/wp\/v2\/comments?post=52175"}],"version-history":[{"count":0,"href":"https:\/\/www.europesays.com\/de\/wp-json\/wp\/v2\/posts\/52175\/revisions"}],"wp:featuredmedia":[{"embeddable":true,"href":"https:\/\/www.europesays.com\/de\/wp-json\/wp\/v2\/media\/52176"}],"wp:attachment":[{"href":"https:\/\/www.europesays.com\/de\/wp-json\/wp\/v2\/media?parent=52175"}],"wp:term":[{"taxonomy":"category","embeddable":true,"href":"https:\/\/www.europesays.com\/de\/wp-json\/wp\/v2\/categories?post=52175"},{"taxonomy":"post_tag","embeddable":true,"href":"https:\/\/www.europesays.com\/de\/wp-json\/wp\/v2\/tags?post=52175"}],"curies":[{"name":"wp","href":"https:\/\/api.w.org\/{rel}","templated":true}]}}