{"id":521770,"date":"2025-10-23T22:01:18","date_gmt":"2025-10-23T22:01:18","guid":{"rendered":"https:\/\/www.europesays.com\/de\/521770\/"},"modified":"2025-10-23T22:01:18","modified_gmt":"2025-10-23T22:01:18","slug":"europa-league-grifo-zirkelt-freiburg-gegen-utrecht-zum-naechsten-heimsieg","status":"publish","type":"post","link":"https:\/\/www.europesays.com\/de\/521770\/","title":{"rendered":"Europa League: Grifo zirkelt Freiburg gegen Utrecht zum n\u00e4chsten Heimsieg"},"content":{"rendered":"<p>            <img loading=\"lazy\" decoding=\"async\" class=\"ts-image\" src=\"https:\/\/www.europesays.com\/de\/wp-content\/uploads\/2025\/10\/swr-vincenzo-grifo-vom-sc-freiburg-bejubelt-seinen-treffer-gegen-den-fc-utrecht-100.jpg\" alt=\"Vincenzo Grifo vom SC Freiburg bejubelt seinen Treffer gegen den FC Utrecht. \" title=\"Vincenzo Grifo vom SC Freiburg bejubelt seinen Treffer gegen den FC Utrecht.  | IMAGO, IMAGO \/ Jan Huebner\"\/><\/p>\n<p class=\"metatextline\">Stand: 23.10.2025 22:53 Uhr<\/p>\n<p class=\"textabsatz columns twelve  m-ten  m-offset-one l-eight l-offset-two\">\n        <strong>Der SC Freiburg feiert gegen den FC Utrecht einen ungef\u00e4hrdeten Sieg und steht in der Tabelle der Europa League gut da. Vincenzo Grifo erlebte einen herausragenden Abend.<\/strong>\n    <\/p>\n<p class=\"textabsatz m-ten m-offset-one l-eight l-offset-two columns twelve\">Den ersten Treffer, den Yuito Suzuki erzielte, leitete Vincenzo Grifo mit einem perfekten Zuspiel ein (20. Minute), der zweite gelang ihm per Traum-Freisto\u00df selbst (45.): Der Freiburger Mittelfeldspieler war der \u00fcberragende Akteur beim 2:0 (2:0) des Sport-Clubs gegen den FC Utrecht. Vor heimischen Publikum im Europa-Park Stadion lie\u00df die Elf von Trainer Julian Schuster nahezu nichts zu und steht in der Tabelle der Europa League nach dem Sieg gegen <a href=\"https:\/\/www.swr.de\/sport\/fussball\/sc-freiburg-fc-basel-europa-league-reaktionen-100.html\" title=\"Basel (2:1)\" class=\"textlink--extern\" target=\"_blank\" rel=\"noopener\">Basel (2:1)<\/a> und dem <a href=\"https:\/\/www.swr.de\/sport\/fussball\/bologna-freiburg-europa-league-100.html\" title=\"Unentschieden in Bologna (1:1)\" class=\"textlink--extern\" target=\"_blank\" rel=\"noopener\">Unentschieden in Bologna (1:1)<\/a> auf dem aussichtsreichen f\u00fcnften Platz.<\/p>\n<p class=\"textabsatz m-ten m-offset-one l-eight l-offset-two columns twelve\">&#8222;Wenns l\u00e4uft, dann l\u00e4uft&#8217;s&#8220;, sagte Grifo nach dem Spiel gegen\u00fcber SWR Sport. &#8222;Ich fand, wir haben eine unglaublich gute erste Halbzeit gespielt.&#8220; Auch, wenn Utrecht in der zweiten H\u00e4lfte st\u00e4rker aufgekommen sei, sei es am Ende doch ein sehr verdienter Sieg gewesen.<\/p>\n<p>    Suzuki bringt Freiburg in F\u00fchrung<\/p>\n<p class=\"textabsatz m-ten m-offset-one l-eight l-offset-two columns twelve\">Der Sport-Club war von Beginn an das spielbestimmende Team, hatte zun\u00e4chst aber keine klaren Torchancen. In der 20. Minute setzte Vincenzo Grifo dann Christian G\u00fcnter mit einem brillanten Pass auf der linken Seite in Szene. Der Au\u00dfenverteidiger legte fast von der Grundlinie zur\u00fcck in den Strafraum, wo Suzuki aus etwa neun Metern unter die Latte zur F\u00fchrung traf.<\/p>\n<p class=\"textabsatz m-ten m-offset-one l-eight l-offset-two columns twelve\">Kurz darauf gelang Suzuki, der f\u00fcr Lucas H\u00f6ler ins Team ger\u00fcckt war, beinahe das 2:0. Seinen Schuss aus 18 Metern konnte Vasilis Barkas gerade noch \u00fcber die Latte lenken (26.). Gegen Johan Manzambis Versuch mit dem linken Fu\u00df w\u00e4re der Torh\u00fcter der Niederl\u00e4nder hingegen machtlos gewesen. Manzambi hatte sich mit einem T\u00e4nzchen im Strafraum durchgesetzt, traf aber nur die Latte, von wo aus der Ball gegen den Pfosten und dann ins Feld sprang.<\/p>\n<p>    Grifo mit Freisto\u00df-Treffer<\/p>\n<p class=\"textabsatz m-ten m-offset-one l-eight l-offset-two columns twelve\">Noch vor der Pause erh\u00f6hten die spielfreudigen Freiburger. Grifo zirkelte einen Freisto\u00df aus zentraler Position \u00fcber die Mauer ins rechte Eck (45.). &#8222;Irgendwie hat es super funktioniert, habe den Ball gut erwischt und einen guten Zug dahinter gehabt&#8220;, sagte Grifo sp\u00e4ter. Es war der Schlusspunkt einer ersten H\u00e4lfte, in der der Sport-Club alles im Griff hatte. Von den G\u00e4sten, die mit zwei Niederlagen in die Europa League gestartet waren (0:1 gegen Lyon, 0:1 gegen Bergen), war wenig zu sehen.<\/p>\n<p>    Freiburg kontrolliert, Utrecht leicht verbessert<\/p>\n<p class=\"textabsatz m-ten m-offset-one l-eight l-offset-two columns twelve\">Nach der Halbzeit schalteten die Freiburger ein paar G\u00e4nge zur\u00fcck, Utrecht mit St\u00fcrmerstar S\u00e9bastien Haller zeigte sich spielerisch leicht verbessert. Dennoch war der SC am 3:0 n\u00e4her dran als die G\u00e4ste am Anschlusstreffer. Maximilian Eggestein hatte eine der gr\u00f6\u00dften Gelegenheiten, als er in der 59. Minute im Strafraum seinen Gegenspieler ausspielte, aber aus wenigen Metern am heranst\u00fcrmenden Barkas scheiterte. Gr\u00f6\u00dfere H\u00f6hepunkte bot die Partie im zweiten Durchgang nicht mehr, es blieb beim verdienten 2:0.<\/p>\n<p>    Die n\u00e4chsten Partien des SC Freiburg<\/p>\n<p class=\"textabsatz m-ten m-offset-one l-eight l-offset-two columns twelve\">Die Freiburger sind am kommenden Europa-League-Spieltag zu Gast bei OGC Nizza (06.11., 18:45 Uhr). In der Bundesliga spielt der SC am Sonntag (26.10., 15:30 Uhr) bei Bayer 04 Leverkusen.<\/p>\n<p class=\"textabsatz m-ten m-offset-one l-eight l-offset-two columns twelve\">Sendung am Fr., 24.10.2025 6:00 Uhr, SWR Aktuell am Morgen, SWR Aktuell<\/p>\n<p>                                        <a class=\"backlink__link\" href=\"https:\/\/www.swr.de\/sport\/fussball\/sc-freiburg-fc-utrecht-europa-league-spielbericht-100.html\" target=\"_blank\" rel=\"noopener\"><\/p>\n<p>                                                <img decoding=\"async\" src=\"https:\/\/images.sportschau.de\/image\/d14251d0-d158-4797-a47c-e97e1e58a56b\/AAABlap_vas\/AAABmgWnBPY\/original\/lra-swr-logo-100.svg\" alt=\"S\u00fcdwestrundfunk\"\/><\/p>\n<p>                                        <\/a><\/p>\n","protected":false},"excerpt":{"rendered":"Stand: 23.10.2025 22:53 Uhr Der SC Freiburg feiert gegen den FC Utrecht einen ungef\u00e4hrdeten Sieg und steht in&hellip;\n","protected":false},"author":2,"featured_media":521771,"comment_status":"","ping_status":"","sticky":false,"template":"","format":"standard","meta":{"footnotes":""},"categories":[5],"tags":[5855,347,13,14,15,298,12,1755,10,8,9,11],"class_list":{"0":"post-521770","1":"post","2":"type-post","3":"status-publish","4":"format-standard","5":"has-post-thumbnail","7":"category-nachrichten","8":"tag-europa-league","9":"tag-fussball","10":"tag-headlines","11":"tag-nachrichten","12":"tag-news","13":"tag-sc-freiburg","14":"tag-schlagzeilen","15":"tag-swr","16":"tag-top-news","17":"tag-top-meldungen","18":"tag-topmeldungen","19":"tag-topnews"},"share_on_mastodon":{"url":"","error":""},"_links":{"self":[{"href":"https:\/\/www.europesays.com\/de\/wp-json\/wp\/v2\/posts\/521770","targetHints":{"allow":["GET"]}}],"collection":[{"href":"https:\/\/www.europesays.com\/de\/wp-json\/wp\/v2\/posts"}],"about":[{"href":"https:\/\/www.europesays.com\/de\/wp-json\/wp\/v2\/types\/post"}],"author":[{"embeddable":true,"href":"https:\/\/www.europesays.com\/de\/wp-json\/wp\/v2\/users\/2"}],"replies":[{"embeddable":true,"href":"https:\/\/www.europesays.com\/de\/wp-json\/wp\/v2\/comments?post=521770"}],"version-history":[{"count":0,"href":"https:\/\/www.europesays.com\/de\/wp-json\/wp\/v2\/posts\/521770\/revisions"}],"wp:featuredmedia":[{"embeddable":true,"href":"https:\/\/www.europesays.com\/de\/wp-json\/wp\/v2\/media\/521771"}],"wp:attachment":[{"href":"https:\/\/www.europesays.com\/de\/wp-json\/wp\/v2\/media?parent=521770"}],"wp:term":[{"taxonomy":"category","embeddable":true,"href":"https:\/\/www.europesays.com\/de\/wp-json\/wp\/v2\/categories?post=521770"},{"taxonomy":"post_tag","embeddable":true,"href":"https:\/\/www.europesays.com\/de\/wp-json\/wp\/v2\/tags?post=521770"}],"curies":[{"name":"wp","href":"https:\/\/api.w.org\/{rel}","templated":true}]}}