{"id":521794,"date":"2025-10-23T22:15:21","date_gmt":"2025-10-23T22:15:21","guid":{"rendered":"https:\/\/www.europesays.com\/de\/521794\/"},"modified":"2025-10-23T22:15:21","modified_gmt":"2025-10-23T22:15:21","slug":"sturm-im-muensterland-baum-faellt-auf-bahnstrecke","status":"publish","type":"post","link":"https:\/\/www.europesays.com\/de\/521794\/","title":{"rendered":"Sturm im M\u00fcnsterland: Baum f\u00e4llt auf Bahnstrecke"},"content":{"rendered":"<p>Wetter und Verkehr <\/p>\n<p>Sturm im M\u00fcnsterland: Baum f\u00e4llt auf Bahnstrecke<\/p>\n<p>Aktualisiert am 23.10.2025 &#8211; 17:58 UhrLesedauer: 1 Min.<\/p>\n<p><a href=\"#focus-0\" class=\"transition-colors duration-200 block text-current relative\" data-sctrack=\"FocusGalleryImage.Reference\"><img fetchpriority=\"high\" data-testid=\"Opener.Image\" style=\"--lqipURL:url('https:\/\/images.t-online.de\/2025\/10\/hgXV6b7dT1uZ\/0x107:2048x1152\/fit-in\/150x0\/filters:blur(25)\/der-sturm-hat-im-muensterland-zu-ersten-einschraenkungen-im-bahnverkehr-gefuehrt-die-feuerwehr-musste-einen-umgestuerzten-baum-von-gleisen-entfernen-archivbild.jpg')\"   loading=\"eager\" src=\"https:\/\/www.europesays.com\/de\/wp-content\/uploads\/2025\/10\/der-sturm-hat-im-muensterland-zu-ersten-einschraenkungen-im-bahnverkehr-gefuehrt-die-feuerwehr-musst.jpeg\" alt=\"Feuerwehr\" title=\"Feuerwehr\" width=\"2048\" height=\"1152\" class=\"bg-[url:var(--lqipURL)] bg-cover bg-center flex h-full w-full max-w-full\" decoding=\"async\"\/><img style=\"--width:32;--height:32\" loading=\"lazy\" src=\"https:\/\/www.t-online.de\/s\/paper\/_next\/static\/media\/zoom-in.f7dae02f.svg\" alt=\"Vergr\u00f6\u00dfern des Bildes\" title=\"Vergr\u00f6\u00dfern des Bildes\" class=\"block h-[calc(var(--height)_\/_16_*_1rem)] w-[calc(var(--width)_\/_16_*_1rem)] max-w-none absolute bottom-8 right-8 rounded-4 bg-snow p-8\" decoding=\"async\"\/><\/a><\/p>\n<p>Der Sturm hat im M\u00fcnsterland zu ersten Einschr\u00e4nkungen im Bahnverkehr gef\u00fchrt. Die Feuerwehr musste einen umgest\u00fcrzten Baum von Gleisen entfernen. (Archivbild) (Quelle: Hauke-Christian Dittrich\/dpa\/dpa-bilder)<\/p>\n<p class=\"font-bold text-18 leading-17\">Ein umgest\u00fcrzter Baum hat den Regionalverkehr zwischen Nottuln und M\u00fcnster am Nachmittag gestoppt. Am fr\u00fchen Abend rollten die Z\u00fcge wieder.<\/p>\n<p class=\"text-18 leading-17\">Der vom Deutschen Wetterdienst angek\u00fcndigte Sturm hat zu ersten Beeintr\u00e4chtigungen im Bahnverkehr in Nordrhein-Westfalen gef\u00fchrt. Nach Angaben der Deutschen Bahn war am Nachmittag ein Baum auf die Strecke zwischen Nottuln und M\u00fcnster gefallen. Das f\u00fchrte zu Beeintr\u00e4chtigungen im Regionalverkehr auf der Linie RE42 von <a class=\"transition-colors duration-200 cursor-pointer text-inherit no-underline text-salemsfur md:hover:text-magenta md:hover:border-magenta md:focus:text-magenta border-current border-b border-solid break-words\" href=\"https:\/\/www.t-online.de\/themen\/moenchengladbach\/\" data-sctrack=\"BodyAnchor\" rel=\"nofollow noopener\" target=\"_blank\">M\u00f6nchengladbach<\/a> nach M\u00fcnster. Am fr\u00fchen Abend war die Strecke wieder frei. <\/p>\n<p class=\"text-18 leading-17\">Die Strecke verbindet das M\u00fcnsterland mit dem Ruhrgebiet. Haltepunkte sind zum Beispiel D\u00fclmen, Haltern oder <a class=\"transition-colors duration-200 cursor-pointer text-inherit no-underline text-salemsfur md:hover:text-magenta md:hover:border-magenta md:focus:text-magenta border-current border-b border-solid break-words\" href=\"https:\/\/www.t-online.de\/themen\/recklinghausen\/\" data-sctrack=\"BodyAnchor\" rel=\"nofollow noopener\" target=\"_blank\">Recklinghausen<\/a>.<\/p>\n","protected":false},"excerpt":{"rendered":"Wetter und Verkehr Sturm im M\u00fcnsterland: Baum f\u00e4llt auf Bahnstrecke Aktualisiert am 23.10.2025 &#8211; 17:58 UhrLesedauer: 1 Min.&hellip;\n","protected":false},"author":2,"featured_media":521795,"comment_status":"","ping_status":"","sticky":false,"template":"","format":"standard","meta":{"footnotes":"","_share_on_mastodon":"0"},"categories":[1843],"tags":[30784,2226,2227,3364,29,985,30,8970,45568,1209,4935,601],"class_list":["post-521794","post","type-post","status-publish","format-standard","has-post-thumbnail","category-muenster","tag-nottuln","tag-bahnstrecke","tag-bahnverkehr","tag-de","tag-deutschland","tag-feuerwehr","tag-germany","tag-muenster","tag-muensterland","tag-nordrhein-westfalen","tag-regionalverkehr","tag-verkehr"],"share_on_mastodon":{"url":"https:\/\/pubeurope.com\/@de\/115425793495113355","error":""},"_links":{"self":[{"href":"https:\/\/www.europesays.com\/de\/wp-json\/wp\/v2\/posts\/521794","targetHints":{"allow":["GET"]}}],"collection":[{"href":"https:\/\/www.europesays.com\/de\/wp-json\/wp\/v2\/posts"}],"about":[{"href":"https:\/\/www.europesays.com\/de\/wp-json\/wp\/v2\/types\/post"}],"author":[{"embeddable":true,"href":"https:\/\/www.europesays.com\/de\/wp-json\/wp\/v2\/users\/2"}],"replies":[{"embeddable":true,"href":"https:\/\/www.europesays.com\/de\/wp-json\/wp\/v2\/comments?post=521794"}],"version-history":[{"count":0,"href":"https:\/\/www.europesays.com\/de\/wp-json\/wp\/v2\/posts\/521794\/revisions"}],"wp:featuredmedia":[{"embeddable":true,"href":"https:\/\/www.europesays.com\/de\/wp-json\/wp\/v2\/media\/521795"}],"wp:attachment":[{"href":"https:\/\/www.europesays.com\/de\/wp-json\/wp\/v2\/media?parent=521794"}],"wp:term":[{"taxonomy":"category","embeddable":true,"href":"https:\/\/www.europesays.com\/de\/wp-json\/wp\/v2\/categories?post=521794"},{"taxonomy":"post_tag","embeddable":true,"href":"https:\/\/www.europesays.com\/de\/wp-json\/wp\/v2\/tags?post=521794"}],"curies":[{"name":"wp","href":"https:\/\/api.w.org\/{rel}","templated":true}]}}