{"id":521897,"date":"2025-10-23T23:13:13","date_gmt":"2025-10-23T23:13:13","guid":{"rendered":"https:\/\/www.europesays.com\/de\/521897\/"},"modified":"2025-10-23T23:13:13","modified_gmt":"2025-10-23T23:13:13","slug":"neue-bergretter-staffel-bringt-markus-kofler-an-seine-grenzen","status":"publish","type":"post","link":"https:\/\/www.europesays.com\/de\/521897\/","title":{"rendered":"Neue &#8222;Bergretter&#8220;-Staffel bringt Markus Kofler an seine Grenzen"},"content":{"rendered":"<p>Nach der Trennung von Alexandra Winkler (Viktoria Ngots\u00e9) will Markus sein Privatleben neu ordnen, doch die Umst\u00e4nde zwingen ihn, direkt wieder mit ihr zusammenzuarbeiten: Die Bezirksinspektorin wird zu einem ungew\u00f6hnlichen Einsatz gerufen, nachdem Tobias Herbrechter (Markus Brandl) beim Magnetfischen eine Leiche aus dem Bergsee zieht.<\/p>\n<p>Markus Pflegetochter Mia Steiner (Lisa Junick) wird gegen ihren Willen nach Ramsau gebracht. Sie reagiert verletzt und rebellisch:\u00a0&#8222;Zwei V\u00e4ter, zwei Arschl\u00f6cher!&#8220; \u2013\u00a0<a href=\"https:\/\/www.tvspielfilm.de\/news\/tv\/zdf-serie-ueberraschungscomeback-bergretter-markus-geraet-als-vater-an-seine-grenzen,13161773,ApplicationArticle.html\" title=\"&quot;Bergretter&quot;-Star feiert Comeback\" rel=\"nofollow noopener\" target=\"_blank\">&#8222;Bergretter&#8220; Markus ger\u00e4t als Vater an seine Grenzen<\/a>.<\/p>\n<p>Als ob das nicht reicht, taucht pl\u00f6tzlich Markus&#8216; Halbbruder (Arne L\u00f6ber) auf dem Hof auf.\u00a0<\/p>\n<p>Gleichzeitig feiert auch Nina (Josephin Busch), Markus&#8216; Ex-Freundin, ein Comeback. Begeistert ist der Bergretter\u00a0nicht: &#8222;Wir kommen ganz gut alleine zurecht&#8220;, wirft er ihr an den Kopf und l\u00e4sst sie stehen.<\/p>\n","protected":false},"excerpt":{"rendered":"Nach der Trennung von Alexandra Winkler (Viktoria Ngots\u00e9) will Markus sein Privatleben neu ordnen, doch die Umst\u00e4nde zwingen&hellip;\n","protected":false},"author":2,"featured_media":521898,"comment_status":"","ping_status":"","sticky":false,"template":"","format":"standard","meta":{"footnotes":"","_share_on_mastodon":"0"},"categories":[1773],"tags":[29,110756,20122,214,30,129105,25222,128411,471,1780,3337,215],"class_list":["post-521897","post","type-post","status-publish","format-standard","has-post-thumbnail","category-serien","tag-deutschland","tag-die-bergretter","tag-drama","tag-entertainment","tag-germany","tag-markus-kofler","tag-mia","tag-sebastian-stroebel","tag-serien","tag-series","tag-trailer","tag-unterhaltung"],"share_on_mastodon":{"url":"","error":""},"_links":{"self":[{"href":"https:\/\/www.europesays.com\/de\/wp-json\/wp\/v2\/posts\/521897","targetHints":{"allow":["GET"]}}],"collection":[{"href":"https:\/\/www.europesays.com\/de\/wp-json\/wp\/v2\/posts"}],"about":[{"href":"https:\/\/www.europesays.com\/de\/wp-json\/wp\/v2\/types\/post"}],"author":[{"embeddable":true,"href":"https:\/\/www.europesays.com\/de\/wp-json\/wp\/v2\/users\/2"}],"replies":[{"embeddable":true,"href":"https:\/\/www.europesays.com\/de\/wp-json\/wp\/v2\/comments?post=521897"}],"version-history":[{"count":0,"href":"https:\/\/www.europesays.com\/de\/wp-json\/wp\/v2\/posts\/521897\/revisions"}],"wp:featuredmedia":[{"embeddable":true,"href":"https:\/\/www.europesays.com\/de\/wp-json\/wp\/v2\/media\/521898"}],"wp:attachment":[{"href":"https:\/\/www.europesays.com\/de\/wp-json\/wp\/v2\/media?parent=521897"}],"wp:term":[{"taxonomy":"category","embeddable":true,"href":"https:\/\/www.europesays.com\/de\/wp-json\/wp\/v2\/categories?post=521897"},{"taxonomy":"post_tag","embeddable":true,"href":"https:\/\/www.europesays.com\/de\/wp-json\/wp\/v2\/tags?post=521897"}],"curies":[{"name":"wp","href":"https:\/\/api.w.org\/{rel}","templated":true}]}}