{"id":521991,"date":"2025-10-24T00:04:19","date_gmt":"2025-10-24T00:04:19","guid":{"rendered":"https:\/\/www.europesays.com\/de\/521991\/"},"modified":"2025-10-24T00:04:19","modified_gmt":"2025-10-24T00:04:19","slug":"das-bringt-der-winterflugplan-2025-26-in-dresden","status":"publish","type":"post","link":"https:\/\/www.europesays.com\/de\/521991\/","title":{"rendered":"Das bringt der Winterflugplan 2025\/26 in Dresden"},"content":{"rendered":"\n<p>Am 26. Oktober, startet der Winterflugplan, der bis zum 28. M\u00e4rz 2026 gilt. Passagiere am  Flughafen Dresden finden Ziele in Deutschland, \u00c4gypten, Spanien, Italien, der T\u00fcrkei, Griechenland und der Schweiz. Besonders gefragt bleibt Antalya: SunExpress steuert die Stadt an der t\u00fcrkischen Riviera bis zu sieben Mal w\u00f6chentlich an.<\/p>\n<p>Neu im Programm ab Dresden ist eine Direktverbindung nach S\u00fcdtirol. Ab dem 10. Dezember fliegt die Regionalairline Sky Alps jeweils mittwochs und sonntags von Dresden nach Bozen.<\/p>\n","protected":false},"excerpt":{"rendered":"Am 26. Oktober, startet der Winterflugplan, der bis zum 28. M\u00e4rz 2026 gilt. Passagiere am Flughafen Dresden finden&hellip;\n","protected":false},"author":2,"featured_media":521992,"comment_status":"","ping_status":"","sticky":false,"template":"","format":"standard","meta":{"footnotes":""},"categories":[1835],"tags":[3364,29,2386,35993,30,859],"class_list":{"0":"post-521991","1":"post","2":"type-post","3":"status-publish","4":"format-standard","5":"has-post-thumbnail","7":"category-dresden","8":"tag-de","9":"tag-deutschland","10":"tag-dresden","11":"tag-flughafen-dresden","12":"tag-germany","13":"tag-sachsen"},"share_on_mastodon":{"url":"https:\/\/pubeurope.com\/@de\/115426221773513495","error":""},"_links":{"self":[{"href":"https:\/\/www.europesays.com\/de\/wp-json\/wp\/v2\/posts\/521991","targetHints":{"allow":["GET"]}}],"collection":[{"href":"https:\/\/www.europesays.com\/de\/wp-json\/wp\/v2\/posts"}],"about":[{"href":"https:\/\/www.europesays.com\/de\/wp-json\/wp\/v2\/types\/post"}],"author":[{"embeddable":true,"href":"https:\/\/www.europesays.com\/de\/wp-json\/wp\/v2\/users\/2"}],"replies":[{"embeddable":true,"href":"https:\/\/www.europesays.com\/de\/wp-json\/wp\/v2\/comments?post=521991"}],"version-history":[{"count":0,"href":"https:\/\/www.europesays.com\/de\/wp-json\/wp\/v2\/posts\/521991\/revisions"}],"wp:featuredmedia":[{"embeddable":true,"href":"https:\/\/www.europesays.com\/de\/wp-json\/wp\/v2\/media\/521992"}],"wp:attachment":[{"href":"https:\/\/www.europesays.com\/de\/wp-json\/wp\/v2\/media?parent=521991"}],"wp:term":[{"taxonomy":"category","embeddable":true,"href":"https:\/\/www.europesays.com\/de\/wp-json\/wp\/v2\/categories?post=521991"},{"taxonomy":"post_tag","embeddable":true,"href":"https:\/\/www.europesays.com\/de\/wp-json\/wp\/v2\/tags?post=521991"}],"curies":[{"name":"wp","href":"https:\/\/api.w.org\/{rel}","templated":true}]}}