{"id":522442,"date":"2025-10-24T04:20:19","date_gmt":"2025-10-24T04:20:19","guid":{"rendered":"https:\/\/www.europesays.com\/de\/522442\/"},"modified":"2025-10-24T04:20:19","modified_gmt":"2025-10-24T04:20:19","slug":"vor-duell-mit-lok-leipzig-loehmannsroeben-heizt-halle-ein-sport","status":"publish","type":"post","link":"https:\/\/www.europesays.com\/de\/522442\/","title":{"rendered":"Vor Duell mit Lok Leipzig: L\u00f6hmannsr\u00f6ben heizt Halle ein | Sport"},"content":{"rendered":"<p><b>Beim Blick auf die Tabelle schaudert es aktuell jeden Fan des Halleschen FC.\u00a0<\/b><\/p>\n<p>Acht Punkte R\u00fcckstand sind es schon auf <a href=\"https:\/\/www.bild.de\/sport\/fussball\/lok-leipzig\/home-80643548.bild.html\" class=\"text-link\" target=\"_blank\" rel=\"noopener\">Lok Leipzig<\/a> \u2013 und Freitagabend (19 Uhr) kommt der Spitzenreiter an die Saale. Die ern\u00fcchternde Lage l\u00e4sst Abwehrmann Jan L\u00f6hmannsr\u00f6ben kalt. Er sagt trotzig: \u201eIch habe zu Saisonbeginn nicht auf die Tabelle geschaut und mache es jetzt auch nicht. Und nach dem Spiel sind es hoffentlich nur noch f\u00fcnf Punkte.\u201c<\/p>\n<p>Mehr zum ThemaL\u00f6hmannsr\u00f6ben: \u201eWir keine tote Mannschaft\u201c<\/p>\n<p><b>Da schwingt beim Defensiv-Ass eine geh\u00f6rige Portion Wut mit. Die unn\u00f6tigen Punktverluste der letzten Wochen haben am Ego gekratzt. Der angestaute Frust soll gegen Lok aus den Beinen und K\u00f6pfen herausgek\u00e4mpft werden.\u00a0<\/b><\/p>\n<p>L\u00f6hmannsr\u00f6ben: \u201eWenn wir unser Potenzial aussch\u00f6pfen w\u00fcrden, w\u00fcrden wir ganz anders dastehen. Aber wir sind keine tote Mannschaft, es ist Feuer in der Truppe und gegen Lok m\u00fcssen wir einfach unser Herz auf dem Platz lassen.\u201c<\/p>\n<p><b>Worte, denen jetzt schlicht Taten folgen m\u00fcssen. Sonst kann sich der <\/b><a href=\"https:\/\/www.bild.de\/sport\/fussball\/hallescher-fc\/startseite-hallescher-fc-54757488.bild.html\" class=\"text-link\" target=\"_blank\" rel=\"noopener\"><b>HFC<\/b><\/a><b> den Blick auf die Tabelle wirklich bald sparen!<\/b><\/p>\n","protected":false},"excerpt":{"rendered":"Beim Blick auf die Tabelle schaudert es aktuell jeden Fan des Halleschen FC.\u00a0 Acht Punkte R\u00fcckstand sind es&hellip;\n","protected":false},"author":2,"featured_media":522443,"comment_status":"","ping_status":"","sticky":false,"template":"","format":"standard","meta":{"footnotes":""},"categories":[1832],"tags":[3364,29,347,30,12435,71,3457,3459,3458,859,3460,4581,45],"class_list":{"0":"post-522442","1":"post","2":"type-post","3":"status-publish","4":"format-standard","5":"has-post-thumbnail","7":"category-leipzig","8":"tag-de","9":"tag-deutschland","10":"tag-fussball","11":"tag-germany","12":"tag-hallescher-fc","13":"tag-leipzig","14":"tag-lok-leipzig","15":"tag-regionalliga","16":"tag-regionalliga-nordost","17":"tag-sachsen","18":"tag-sport-leuchtturm-leipzig","19":"tag-sport-tag-im-ticker","20":"tag-texttospeech"},"share_on_mastodon":{"url":"https:\/\/pubeurope.com\/@de\/115427228195800011","error":""},"_links":{"self":[{"href":"https:\/\/www.europesays.com\/de\/wp-json\/wp\/v2\/posts\/522442","targetHints":{"allow":["GET"]}}],"collection":[{"href":"https:\/\/www.europesays.com\/de\/wp-json\/wp\/v2\/posts"}],"about":[{"href":"https:\/\/www.europesays.com\/de\/wp-json\/wp\/v2\/types\/post"}],"author":[{"embeddable":true,"href":"https:\/\/www.europesays.com\/de\/wp-json\/wp\/v2\/users\/2"}],"replies":[{"embeddable":true,"href":"https:\/\/www.europesays.com\/de\/wp-json\/wp\/v2\/comments?post=522442"}],"version-history":[{"count":0,"href":"https:\/\/www.europesays.com\/de\/wp-json\/wp\/v2\/posts\/522442\/revisions"}],"wp:featuredmedia":[{"embeddable":true,"href":"https:\/\/www.europesays.com\/de\/wp-json\/wp\/v2\/media\/522443"}],"wp:attachment":[{"href":"https:\/\/www.europesays.com\/de\/wp-json\/wp\/v2\/media?parent=522442"}],"wp:term":[{"taxonomy":"category","embeddable":true,"href":"https:\/\/www.europesays.com\/de\/wp-json\/wp\/v2\/categories?post=522442"},{"taxonomy":"post_tag","embeddable":true,"href":"https:\/\/www.europesays.com\/de\/wp-json\/wp\/v2\/tags?post=522442"}],"curies":[{"name":"wp","href":"https:\/\/api.w.org\/{rel}","templated":true}]}}