{"id":522531,"date":"2025-10-24T05:10:10","date_gmt":"2025-10-24T05:10:10","guid":{"rendered":"https:\/\/www.europesays.com\/de\/522531\/"},"modified":"2025-10-24T05:10:10","modified_gmt":"2025-10-24T05:10:10","slug":"so-ging-fussballprofi-terodde-mit-druck-um","status":"publish","type":"post","link":"https:\/\/www.europesays.com\/de\/522531\/","title":{"rendered":"So ging Fu\u00dfballprofi Terodde mit Druck um"},"content":{"rendered":"<p class=\"text_ohne_einzug richtext text-em-55 !leading-serif mx-6 desktop:mx-0\">Beeindruckende 177 Tore hat Simon Terodde in 311 Zweitliga-Eins\u00e4tzen geschossen, ist damit Rekordsch\u00fctze in der zweith\u00f6chsten Fu\u00dfball-Spielklasse. Dem VfB Stuttgart, dem 1. FC K\u00f6ln und dem FC Schalke 04 hat er damit zum Aufstieg ins Fu\u00dfball-Oberhaus verholfen. Doch die meistgestellte Frage in dieser Zeit an ihn sei gewesen: Warum hast Du nicht in der 1. Liga funktioniert? Angesichts von 90 Spielen dort und 15 Toren zwar etwas despektierlich. \u201eDoch das hat mich selbst lange besch\u00e4ftigt\u201c, schilderte der 37-j\u00e4hrige Kultst\u00fcrmer, der vor einem Jahr nach 18 Jahren seine Profikarriere beendet hat, am Donnerstag vor Zuh\u00f6rern in der Wuppertaler AOK-Gesch\u00e4ftsstelle. Darunter waren viele \u2013 aber nicht nur \u2013 Fu\u00dfballfans. Schlie\u00dflich war es ein Vortrag im Rahmen der AOK-Durchstarter-Kampagne mit Tipps f\u00fcr eine gesunde Lebensweise. Dazu geh\u00f6rt eben auch die seelische Gesundheit, die unter Druck von au\u00dfen und dem, den man sich selbst macht, stark leiden kann. Fu\u00dfballprofi Terodde wei\u00df ein Lied davon zu singen und hat seinen eigenen Weg gefunden, damit umzugehen. \u201eSich ambitionierte, aber realistische Ziele setzen und lieber mal einen Schritt zur\u00fcckgehen, um dann wieder zwei nach vorne machen zu k\u00f6nnen\u201c, so Terodde. Als Schl\u00fcsselerlebnis schilderte er einen Augenblick aus einem Erstliga-Spiel mit dem 1. FC K\u00f6ln, mit dem nach einem rauschenden Aufstiegsjahr 2018\/19 und 29 Terodde-Toren ein Sieg hersollte, um sich von der Abstiegszone zu l\u00f6sen. Nur drei Saisontore hatte der zuvor gefeierte Held da auf seinem Konto und die ganze Last und das fehlende Zutrauen, die er in dem Moment sp\u00fcrte, sind auf einem Foto in seinem Gesicht abzulesen, als er frei vor dem gegnerischen Torwart das 2:0 machen kann, aber scheitert. An diesem Tag habe er im Gespr\u00e4ch mit seiner Frau, f\u00fcr sich entschieden: \u201eDas ist nicht mein Ding, nicht meine Rolle. Lieber wieder 2. Liga und da meine Tore machen.\u201c F\u00fcr den HSV stieg er aus seinem noch ein Jahr laufenden Erstliga-Vertrag bei K\u00f6ln aus, schoss im n\u00e4chsten Jahr 24 Tore f\u00fcr die Hanseaten und kr\u00f6nte seine Karriere dann mit drei Jahren Schalke. Hier konnte er dem Team nicht nur seine Torgef\u00e4hrlichkeit, sondern auch seine F\u00fchrungsst\u00e4rke und innere \u00dcberzeugung mitgeben, wie er mit einem Video seiner Kabinenansprache vor einem wichtigen Spiel in Sandhausen vorf\u00fchrte: \u201eM\u00e4nner wie steigen auf.\u201c Bei ihm und den vielen Schalke-Fans unter den Zuh\u00f6rer erzeugte das G\u00e4nsehaut. Klar, dass Terodde nach vielen Fragen, die er sympathisch beantwortete, mit gro\u00dfem Applaus verabschiedet wurde.  gh<\/p>\n","protected":false},"excerpt":{"rendered":"Beeindruckende 177 Tore hat Simon Terodde in 311 Zweitliga-Eins\u00e4tzen geschossen, ist damit Rekordsch\u00fctze in der zweith\u00f6chsten Fu\u00dfball-Spielklasse. Dem&hellip;\n","protected":false},"author":2,"featured_media":522532,"comment_status":"","ping_status":"","sticky":false,"template":"","format":"standard","meta":{"footnotes":""},"categories":[1840],"tags":[27849,26628,3364,29,25096,78228,347,59168,18360,30,129193,13762,1209,54498,23396,87939,21903,4418,65791,54638],"class_list":{"0":"post-522531","1":"post","2":"type-post","3":"status-publish","4":"format-standard","5":"has-post-thumbnail","7":"category-wuppertal","8":"tag-aok","9":"tag-beeindruckende","10":"tag-de","11":"tag-deutschland","12":"tag-druck","13":"tag-erstliga","14":"tag-fussball","15":"tag-fussballfans","16":"tag-fussballprofi","17":"tag-germany","18":"tag-kultstuermer","19":"tag-liga","20":"tag-nordrhein-westfalen","21":"tag-saisontore","22":"tag-schalke","23":"tag-simon-terodde","24":"tag-tore","25":"tag-wuppertal","26":"tag-zuhoerer","27":"tag-zweitliga"},"share_on_mastodon":{"url":"https:\/\/pubeurope.com\/@de\/115427424618050236","error":""},"_links":{"self":[{"href":"https:\/\/www.europesays.com\/de\/wp-json\/wp\/v2\/posts\/522531","targetHints":{"allow":["GET"]}}],"collection":[{"href":"https:\/\/www.europesays.com\/de\/wp-json\/wp\/v2\/posts"}],"about":[{"href":"https:\/\/www.europesays.com\/de\/wp-json\/wp\/v2\/types\/post"}],"author":[{"embeddable":true,"href":"https:\/\/www.europesays.com\/de\/wp-json\/wp\/v2\/users\/2"}],"replies":[{"embeddable":true,"href":"https:\/\/www.europesays.com\/de\/wp-json\/wp\/v2\/comments?post=522531"}],"version-history":[{"count":0,"href":"https:\/\/www.europesays.com\/de\/wp-json\/wp\/v2\/posts\/522531\/revisions"}],"wp:featuredmedia":[{"embeddable":true,"href":"https:\/\/www.europesays.com\/de\/wp-json\/wp\/v2\/media\/522532"}],"wp:attachment":[{"href":"https:\/\/www.europesays.com\/de\/wp-json\/wp\/v2\/media?parent=522531"}],"wp:term":[{"taxonomy":"category","embeddable":true,"href":"https:\/\/www.europesays.com\/de\/wp-json\/wp\/v2\/categories?post=522531"},{"taxonomy":"post_tag","embeddable":true,"href":"https:\/\/www.europesays.com\/de\/wp-json\/wp\/v2\/tags?post=522531"}],"curies":[{"name":"wp","href":"https:\/\/api.w.org\/{rel}","templated":true}]}}