{"id":522854,"date":"2025-10-24T08:30:25","date_gmt":"2025-10-24T08:30:25","guid":{"rendered":"https:\/\/www.europesays.com\/de\/522854\/"},"modified":"2025-10-24T08:30:25","modified_gmt":"2025-10-24T08:30:25","slug":"hannover-ein-toter-und-mehrere-verletzte-nach-schuessen-verdaechtige-auf-der-flucht","status":"publish","type":"post","link":"https:\/\/www.europesays.com\/de\/522854\/","title":{"rendered":"Hannover: Ein Toter und mehrere Verletzte nach Sch\u00fcssen \u2013 Verd\u00e4chtige auf der Flucht"},"content":{"rendered":"<p>Nach den Sch\u00fcssen in Hannover am Mittwochabend hat die Polizei drei verletzte Tatverd\u00e4chtige festgestellt. Sie sollen an einer Auseinandersetzung beteiligt gewesen sein, bei der ein 27-J\u00e4hriger get\u00f6tet wurde.<\/p>\n<p class=\"is-first-paragraph\" data-external=\"Article.FirstParagraph\">Nach den t\u00f6dlichen Sch\u00fcssen in Hannover am Mittwochabend hat die Polizei drei verletzte Tatverd\u00e4chtige festgestellt. Es handelt sich dabei um einen 19-J\u00e4hrigen aus Hannover, einen 27-J\u00e4hrigen aus der Region Hannover und einen 27-J\u00e4hrigen aus Hamburg, wie die Polizei Hannover mitteilte.<\/p>\n<p>Die drei jungen M\u00e4nner st\u00fcnden im Verdacht, an der Auseinandersetzung beteiligt gewesen zu sein. Sie gelten daher als tatverd\u00e4chtig, einen weiteren 27-J\u00e4hrigen get\u00f6tet zu haben. Die M\u00e4nner werden nach Angaben der Polizei derzeit medizinisch behandelt und polizeilich bewacht. Ihre Verletzungen seien nicht lebensgef\u00e4hrlich. Weitere Details nannte die Polizei nicht.<\/p>\n<p>Ob \u00fcber die vier genannten M\u00e4nner hinaus weitere Personen an dem t\u00f6dlichen Konflikt beteiligt waren und auf der Flucht sind, konnte ein Polizeisprecher auf Nachfrage nicht ausschlie\u00dfen. Warum die Auseinandersetzung derart eskalierte, sei Gegenstand der Ermittlungen. Die Polizei habe m\u00f6gliche Tatmittel sichergestellt, mache jedoch aus ermittlungstaktischen Gr\u00fcnden keine Angaben zu Anzahl und Art der Waffen.<\/p>\n<p>Am Abend entdeckte die Polizei in der N\u00e4he des Hauptbahnhofs \u2013 etwa vier Kilometer vom Tatort entfernt \u2013 eine weitere verletzte Person. Die Person ist nach Angaben des Sprechers einer der drei Tatverd\u00e4chtigen. Auch die anderen beiden Tatverd\u00e4chtigen seien im Rahmen einer Fahndung festgestellt worden. Formal festgenommen seien die drei M\u00e4nner jedoch bislang nicht, da sie sich noch in medizinischer Behandlung bef\u00e4nden.<\/p>\n<p>Nach ersten Informationen gerieten zwei oder mehr Gruppen gegen 18.25 Uhr in der Vahrenwalder Stra\u00dfe in Streit. \u201eEs sind mehrere Sch\u00fcsse gefallen\u201c, sagte die Sprecherin der Polizei. Die Leiche des Toten soll noch genauer untersucht werden. \u201eDie Polizei strebt eine Obduktion an\u201c, sagte eine Sprecherin der Polizei. Die Ermittler erhoffen sich dadurch neue Erkenntnisse zur Todesursache und zum Ablauf der Tat.<\/p>\n<p>Die Polizei flog abends mit einem Hubschrauber die Gegend ab, Sp\u00fcrhunde suchten am Tatort nach Spuren. Zahlreiche, zum Teil schwer bewaffnete Einsatzkr\u00e4fte waren vor Ort. Sie versorgten zun\u00e4chst die Verletzten, sicherten weiter Spuren und sprachen mit Zeugen. Die Stra\u00dfe war weitreichend abgesperrt, einige Haltestellen der Stadtbahn wurden nicht angefahren.<\/p>\n<p>Nach Beobachtungen eines dpa-Fotografen verfolgten am Abend mehrere Schaulustige die Ermittlungen. Die Einsatzkr\u00e4fte stellten einen Sichtschutz auf und baten in den sozialen Medien, den Bereich weitr\u00e4umig zu meiden.<\/p>\n<p>Hinweis: Der Artikel wird laufend aktualisiert.<\/p>\n<p>dpa\/dp\/ceb<\/p>\n","protected":false},"excerpt":{"rendered":"Nach den Sch\u00fcssen in Hannover am Mittwochabend hat die Polizei drei verletzte Tatverd\u00e4chtige festgestellt. Sie sollen an einer&hellip;\n","protected":false},"author":2,"featured_media":522855,"comment_status":"","ping_status":"","sticky":false,"template":"","format":"standard","meta":{"footnotes":""},"categories":[1836],"tags":[3364,29,30,46,110,1411,51064],"class_list":{"0":"post-522854","1":"post","2":"type-post","3":"status-publish","4":"format-standard","5":"has-post-thumbnail","7":"category-hannover","8":"tag-de","9":"tag-deutschland","10":"tag-germany","11":"tag-hannover","12":"tag-newsteam","13":"tag-niedersachsen","14":"tag-schiessereien-ks"},"share_on_mastodon":{"url":"https:\/\/pubeurope.com\/@de\/115428211262181117","error":""},"_links":{"self":[{"href":"https:\/\/www.europesays.com\/de\/wp-json\/wp\/v2\/posts\/522854","targetHints":{"allow":["GET"]}}],"collection":[{"href":"https:\/\/www.europesays.com\/de\/wp-json\/wp\/v2\/posts"}],"about":[{"href":"https:\/\/www.europesays.com\/de\/wp-json\/wp\/v2\/types\/post"}],"author":[{"embeddable":true,"href":"https:\/\/www.europesays.com\/de\/wp-json\/wp\/v2\/users\/2"}],"replies":[{"embeddable":true,"href":"https:\/\/www.europesays.com\/de\/wp-json\/wp\/v2\/comments?post=522854"}],"version-history":[{"count":0,"href":"https:\/\/www.europesays.com\/de\/wp-json\/wp\/v2\/posts\/522854\/revisions"}],"wp:featuredmedia":[{"embeddable":true,"href":"https:\/\/www.europesays.com\/de\/wp-json\/wp\/v2\/media\/522855"}],"wp:attachment":[{"href":"https:\/\/www.europesays.com\/de\/wp-json\/wp\/v2\/media?parent=522854"}],"wp:term":[{"taxonomy":"category","embeddable":true,"href":"https:\/\/www.europesays.com\/de\/wp-json\/wp\/v2\/categories?post=522854"},{"taxonomy":"post_tag","embeddable":true,"href":"https:\/\/www.europesays.com\/de\/wp-json\/wp\/v2\/tags?post=522854"}],"curies":[{"name":"wp","href":"https:\/\/api.w.org\/{rel}","templated":true}]}}