{"id":523042,"date":"2025-10-24T10:15:26","date_gmt":"2025-10-24T10:15:26","guid":{"rendered":"https:\/\/www.europesays.com\/de\/523042\/"},"modified":"2025-10-24T10:15:26","modified_gmt":"2025-10-24T10:15:26","slug":"sturmtief-joshua-orkanboeen-mit-120-kilometern-pro-stunde-erwartet","status":"publish","type":"post","link":"https:\/\/www.europesays.com\/de\/523042\/","title":{"rendered":"Sturmtief &#8222;Joshua&#8220;: Orkanb\u00f6en mit 120 Kilometern pro Stunde erwartet"},"content":{"rendered":"<p>\n            Stand: 24.10.2025 11:19 Uhr<\/p>\n<p class=\"preface\">Das Sturmtief &#8222;Joshua&#8220; zieht \u00fcber den gesamten Norden. In der Nacht kam es zu \u00dcberflutungen und ein Baum st\u00fcrzte auf die A28. Wetterexperten erwarten Sturmfluten und Orkanb\u00f6en von bis zu 120 Kilometern pro Stunde.<\/p>\n<p class=\"\">Laut Deutschem Wetterdienst h\u00e4ngt das Sturmtief derzeit \u00fcber der deutschen Nordsee fest. Es bewegt sich nach Angaben des Deutschen Wetterdienstes (DWD) kaum noch weiter. Normalerweise rauschten Sturmtiefs eher durch, sagte DWD-Meteorologin Julia Schmidt dem NDR Niedersachsen heute Morgen. &#8222;Das ist jetzt nicht der Fall&#8220;, so die Expertin. Bis zum Abend gilt eine amtliche Unwetterwarnung f\u00fcr die Nordseek\u00fcste, die Ostfriesischen und die Nordfriesischen Inseln.<\/p>\n<p>        <img decoding=\"async\" src=\"https:\/\/www.europesays.com\/de\/wp-content\/uploads\/2025\/10\/screenshot-68280.webp\" alt=\"Reporterin Christina Gerlach berichtet von Norderney.\" title=\"Reporterin Christina Gerlach berichtet von Norderney. | Screenshot\" class=\"responsive\" loading=\"lazy\"\/><\/p>\n<p>Ist das Sturmtief bereits sp\u00fcrbar? Reporterin Christina Gerlach berichtet aus Norderney.<\/p>\n<p>    Binnenland ist weniger stark vom Sturm betroffen<\/p>\n<p class=\"\">Das Sturmtief &#8222;Joshua&#8220; erreicht am Vormittag weitere Teile des Nordens. Gro\u00dfe Teile Schleswig-Holsteins, Hamburgs und Mecklenburg-Vorpommerns m\u00fcssten dann ebenfalls mit schweren Sturmb\u00f6en rechnen. &#8222;Der Schwerpunkt des Windes verlagert sich dann am Nachmittag mehr in Richtung Nordfriesische Inseln&#8220;, sagte Wetterexperte Sebastian Wache dem NDR Schleswig-Holstein. Dort erwarte er Orkanb\u00f6en mit 120 bis 130 Kilometer pro Stunde. Im Binnenland weht der Wind weniger stark. Doch auch hier kann es laut DWD Sturmb\u00f6en von bis zu 80 Kilometern pro Stunde geben. Vor allem in h\u00f6heren Lagen &#8211; etwa im Harz &#8211; sind Orkanb\u00f6en m\u00f6glich.<\/p>\n<p>    Sturmtief &#8222;Joshua&#8220; zieht langsam \u00fcber D\u00e4nemark nach Schweden<\/p>\n<p class=\"\">Im Laufe des Wochenendes bewegt sich das Sturmtief laut DWD in Richtung D\u00e4nemark. Erst am Sonntag soll &#8222;Joshua&#8220; Schweden erreichen. Kr\u00e4ftiger Wind werde Deutschland noch bis zum Wochenanfang begleiten, sagte Schmidt. Zudem solle es viel regnen.<\/p>\n<p>    Aufgepeitschte Nordsee sorgt f\u00fcr \u00dcberschwemmungen<\/p>\n<p>                    <a href=\"https:\/\/www.europesays.com\/de\/wp-content\/uploads\/2025\/10\/joshua-104.webp\" class=\"zoomimage\" title=\"Bild vergr\u00f6\u00dfern\"><\/p>\n<p>        <img decoding=\"async\" src=\"https:\/\/www.europesays.com\/de\/wp-content\/uploads\/2025\/10\/joshua-104.webp\" alt=\"Eine mobile Fischbude steht in Wilhelmshaven auf einem Platz, der von einer Sturmflut \u00fcbersp\u00fclt wird.\" title=\"Teile der Uferpromenade und ein Parkplatz wurden in Wilhelmshaven \u00fcberflutet. | TeleNewsNetwork\" class=\"responsive\" loading=\"lazy\"\/><\/p>\n<p>                    <\/a><\/p>\n<p>                    Teile der Uferpromenade und ein Parkplatz wurden in Wilhelmshaven \u00fcberflutet.<\/p>\n<p class=\"\">In der Nacht hatten die Windgeschwindigkeiten immer weiter zugenommen. Ein Baum war der Polizei zufolge auf die A28 bei Bad Zwischenahn (Landkreis Ammerland) gest\u00fcrzt. Die Vollsperrung ist inzwischen wieder aufgehoben, verletzt wurde niemand. Die aufgepeitschte Nordsee\u00a0hat im nieders\u00e4chsischen Wilhelmshaven Teile der Promenade und eines Parkplatzes unter Wasser gesetzt. In Schleswig-Holstein, Hamburg und Mecklenburg-Vorpommern bei Rostock und Neubrandenburg hatte die Polizei eigenen Angaben zufolge kaum wetterbedingte Eins\u00e4tze in der Nacht.<\/p>\n<p>    Baum st\u00fcrzt auf Hausdach<\/p>\n<p>                    <a href=\"https:\/\/www.europesays.com\/de\/wp-content\/uploads\/2025\/10\/loeningen-100.webp\" class=\"zoomimage\" title=\"Bild vergr\u00f6\u00dfern\"><\/p>\n<p>        <img decoding=\"async\" src=\"https:\/\/www.europesays.com\/de\/wp-content\/uploads\/2025\/10\/loeningen-100.webp\" alt=\"Ein umgest\u00fcrzter Baum h\u00e4ngt an einem Wohnhaus.\" title=\"Im Landkreis Cloppenburg st\u00fcrzte durch den Sturm ein Baum auf ein Haus. | Nord-West-Media TV\" class=\"responsive\" loading=\"lazy\"\/><\/p>\n<p>                    <\/a><\/p>\n<p>                    Im Landkreis Cloppenburg st\u00fcrzte durch den Sturm ein Baum auf ein Haus.<\/p>\n<p class=\"\">Im Landkreis Cloppenburg in Niedersachsen haben bereits am Donnerstag erste Sturmb\u00f6en einen Baum entwurzelt. Dieser st\u00fcrzte auf ein Haus in L\u00f6ningen. Ein Sprecher der Feuerwehr sagte, man habe sich entschieden, den Baum zun\u00e4chst auf dem Hausdach liegen zu lassen. Wenn man ihn jetzt zerlege, k\u00f6nnte er sich drehen und der Schaden w\u00fcrde sich eventuell vergr\u00f6\u00dfern. Ein Kran werde den Baum sp\u00e4ter vom Haus heben. Die Beamten rechnen jedoch damit, dass sie zum sp\u00e4ten Vormittag h\u00e4ufiger alarmiert werden, wenn sich die Wetterlage zuspitzt.<\/p>\n<p>    AIDA-Schiff muss Reise verk\u00fcrzen<\/p>\n<p class=\"\">Das Kreuzfahrtschiff &#8222;AIDAperla&#8220; hat am Donnerstag wegen des Herbststurms seine Reiseroute durch Norwegen verk\u00fcrzt. Wie das Schifffahrtsunternehmen auf Anfrage der Deutschen Presse-Agentur mitteilte, kehrte das Schiff bereits heute, also einen Tag fr\u00fcher als geplant, in den Hamburger Hafen zur\u00fcck. Damit wolle man einer m\u00f6glichen Sperrung der Elbe entgehen. Laut dem <a href=\"https:\/\/www.ndr.de\/nachrichten\/niedersachsen\/textlink-298804~splash.html\" title=\"Kreuzfahrt: &quot;AIDAperla&quot; kehrt fr\u00fcher von Norwegen-Reise zur\u00fcck\" data-url=\"https:\/\/www.abendblatt.de\/hamburg\/wirtschaft\/article410286036\/kreuzfahrt-abruptes-ende-fuer-norwegen-reise-mit-der-aidaperla.html\" class=\"js-link-dialog\" data-type=\"external\" rel=\"nofollow noopener\" target=\"_blank\">&#8222;Hamburger Abendblatt&#8220;<\/a> d\u00fcrfen die G\u00e4ste die kommende Nacht im Hafen \u00fcbernachten.<\/p>\n<p>    Diese Punkte sollten Sie beachten<\/p>\n<p>Der DWD r\u00e4t, sich w\u00e4hrend der Wetterwarnung in den betroffenen Gebieten nicht im Freien aufzuhalten. &#8222;Die B\u00e4ume haben noch viel Laub&#8220;, sagte Schmidt. Das biete dem Wind eine gute Angriffsfl\u00e4che. Auch die Nieders\u00e4chsischen Landesforsten warnen vor dem Betreten der W\u00e4lder. Die erwarteten Sturmb\u00f6en tr\u00e4fen vielerorts auf B\u00e4ume, die nach mehreren D\u00fcrrejahren nicht mehr so stabil seien. Au\u00dferdem gebe es mehr abgestorbene \u00c4ste in den Baumkronen, was das Risiko fallender \u00c4ste weiter erh\u00f6he.<\/p>\n<p>Fahrten des Ausflugsschiffes von B\u00fcsum nach Helgoland\u00a0(Kreis Pinneberg) wurden wegen der erwarteten Wetterlage von Freitag bis Sonntag abgesagt. Auch die Fahrten mit dem Halunder Jet von Hamburg nach Helgoland fallen derzeit aus. Die <a href=\"https:\/\/www.faehre.de\/news-service\/aktuelle-meldungen\/detail\/freitag-24102025foehr-amrum-linie-1\" title=\"F\u00f6hr-Amrum-Linie - Aktuelle Meldungen\" class=\"js-link-dialog\" data-type=\"external\" rel=\"nofollow noopener\" target=\"_blank\">F\u00f6hr-Amrum-Linie<\/a> verkehrt nur eingeschr\u00e4nkt. Auch bei den F\u00e4hren auf die Ostfriesischen Inseln kommt es zu Fahrplan\u00e4nderungen und Ausf\u00e4llen: Nach Langeoog und <a href=\"https:\/\/www.ndr.de\/nachrichten\/niedersachsen\/textlink-298734~splash.html\" title=\"Aktuelle Fahrplan\u00e4nderung der F\u00e4hren nach Spiekeroog\" data-url=\"https:\/\/www.spiekeroog.de\/informieren\/anreise\/fahrplan\" class=\"js-link-dialog\" data-type=\"external\" rel=\"nofollow noopener\" target=\"_blank\">Spiekeroog<\/a> f\u00e4hrt heute keine F\u00e4hre. Norddeich, Juist und Wangerooge sind erst ab dem Nachmittag wieder zu erreichen. F\u00fcr Norderney gibt es einen Hinweis von der <a href=\"https:\/\/www.ndr.de\/nachrichten\/niedersachsen\/textlink89072~splash.html\" title=\"Inself\u00e4hre Frisia Norddeich-Norderney\" data-url=\"https:\/\/www.inselfaehre.de\/norderney\" class=\"js-link-dialog\" data-type=\"external\" rel=\"nofollow noopener\" target=\"_blank\">Reederei Frisia<\/a>, dass es ab heute zu Verz\u00f6gerungen und Ausf\u00e4llen wegen der Wettervorhersagen kommen kann. Alle F\u00e4hren ab und nach Norderney fallen bis heute Nachmittag aus. <\/p>\n<p>An der Ostsee wird kein &#8222;ausgewachsener Sturm&#8220; erwartet, teilte  NDR Wetterexperte\u00a0Stefan Kreibohm mit. Dennoch fallen einige F\u00e4hrverbindungen aus. Scandlines hat alle F\u00e4hren zwischen Gedser (D\u00e4nemark) und Rostock nach 9 Uhr abgesagt. Die &#8222;Wei\u00dfe Flotte&#8220; hat auf R\u00fcgen den Fahrplan ausged\u00fcnnt. Dort entfallen die Touren mit dem Fahrgastschiff &#8222;Sellin&#8220;, das zwischen Sellin, Baabe und Gager pendelt. Auch die Exkursionen auf die Insel Vilm um 9.30 und 13.30 Uhr fallen heute aus.\u00a0Die Reederei Hiddensee f\u00e4hrt planm\u00e4\u00dfig und in Rostock bleibt die F\u00e4hre zwischen Warnem\u00fcnde und Markgrafenheide bis 14 Uhr bei ihrem 10-Minuten-Takt. Danach kann es Versp\u00e4tungen geben.<\/p>\n<p>Auch auf den Stra\u00dfen und Schienen kann es durch den Sturm zu Behinderungen kommen, wie der DWD prognostizierte. Besonders viel Angriffsfl\u00e4che b\u00f6ten dem Wind B\u00e4ume, weil an diesen zurzeit noch viele Bl\u00e4tter hingen. Auch der ADAC r\u00e4t Verkehrsteilnehmenden, Strecken in Waldgebieten zu meiden und bei starkem Wind mit niedrigerem Tempo unterwegs zu sein. Auf Br\u00fccken, in Waldschneisen und beim \u00dcberholen im Windschatten sei die Gefahr, von heftigen B\u00f6en erfasst zu werden, am gr\u00f6\u00dften. Autofahrer sollten daher &#8222;noch aufmerksamer sein&#8220;. Da mit dem Ende der Ferien auch mit erh\u00f6htem R\u00fcckreiseverkehr auf den Stra\u00dfen zu rechnen ist, empfiehlt der ADAC, die Sto\u00dfzeiten zu meiden und Autofahrten vorausschauend zu planen. &#8222;Besonders auf der A7 und A1 wird es am Wochenende voll werden&#8220;, teilte eine Sprecherin dem NDR Niedersachsen mit.<\/p>\n<p>Bei der Deutschen Bahn kommt es aufgrund des Unwetters seit Donnerstagabend im Fernverkehr zu Beeintr\u00e4chtigungen. Betroffen ist unter anderem die Strecke Hannover-Kassel-Frankfurt. Die Deutsche Bahn empfiehlt Fahrg\u00e4sten, sich vor Reiseantritt in der Fahrplanauskunft der App &#8222;DB Navigator&#8220; oder auf <a href=\"https:\/\/www.bahn.de\/service\/fahrplaene\/aktuell\" title=\"Aktuelle Verkehrsmeldungen Bahn\" class=\"js-link-dialog\" data-type=\"external\" rel=\"nofollow noopener\" target=\"_blank\">bahn.de\/aktuell<\/a> zu informieren. In Schleswig-Holstein rechnet nordbahn aufgrund des Unwetters mit Beeintr\u00e4chtigungen im Zugverkehr, wie es auf der <a href=\"https:\/\/www.ndr.de\/nachrichten\/niedersachsen\/textlink-298794~splash.html\" title=\"Sturmwarnung: Beeintr\u00e4chtigungen im Zugverkehr m\u00f6glich\" data-url=\"https:\/\/www.nordbahn.de\/reiseplanung\/eilmeldungen-sonderfahrplaene\/em-3953-sturmwarnung-beeintraechtigungen-im-zugverkehr-moeglich\/\" class=\"js-link-dialog\" data-type=\"external\" rel=\"nofollow noopener\" target=\"_blank\">Webseite<\/a> hei\u00dft. Die Harzer Schmalspurbahnen (HSB) stellen den Zugverkehr auf den Gipfel nach eigenen Angaben heute ein. <\/p>\n<p>    Sturmflutwarnung f\u00fcr Hamburg und Nordseek\u00fcste<\/p>\n<p class=\"\">F\u00fcr die Nordseek\u00fcste und das Gebiet der Elbe warnt das Bundesamt f\u00fcr Seeschifffahrt und Hydrographie (BSH) vor der Gefahr einer Sturmflut. In Hamburg soll der Hochwasserscheitel\u00a0 gegen 19 Uhr bei 1,75 Meter bis 2,25 Meter \u00fcber dem mittleren Hochwasser liegen. Bereits ab einem Pegelstand von etwa 1,50 Metern tritt das Wasser in Hamburg beim Fischmarkt \u00fcber die Promenade, teilte das BSH mit. Das Nachmittags-Hochwasser und das Abend-Hochwasser an der ostfriesischen K\u00fcste und im Wesergebiet k\u00f6nnen den Angaben zufolge ein bis anderthalb Meter h\u00f6her eintreten als das mittlere Hochwasser, im Elbgebiet k\u00f6nne es anderthalb bis zwei Meter h\u00f6her werden und an der nordfriesischen K\u00fcste zwei bis zweieinhalb Meter.<\/p>\n<p>    BSH: &#8222;Sturmflut ist im Herbst normales Ereignis&#8220;<\/p>\n<p class=\"\">Dem BSH zufolge sind starker Wind kurz vor oder w\u00e4hrend des Gezeitenhochwassers sowie eine auflandige Windrichtung Voraussetzungen f\u00fcr eine Sturmflut. &#8222;Eine Sturmflut in dieser H\u00f6he ist im Herbst ein normales Ereignis&#8220;, teilte das BSH auf NDR Anfrage mit. Die K\u00fcstenl\u00e4nder seien gut auf solche Sturmfluten vorbereitet. Allerdings stellt der Klimawandel den K\u00fcstenschutz vor eine Herausforderung: &#8222;Der mittlere Wasserstand an den deutschen K\u00fcsten erh\u00f6ht sich durch den Meeresspiegelanstieg, daher erh\u00f6ht sich auch der Wasserstand bei Sturmfluten&#8220;, hei\u00dft es vom BSH. Bei fortschreitenden Emissionen, sch\u00e4tzt das BSH, werden zudem Wetterlagen, die Sturmfluten beg\u00fcnstigen, zum Ende des Jahrhunderts hin h\u00e4ufiger auftreten. Auch darauf <a href=\"https:\/\/www.ndr.de\/nachrichten\/niedersachsen\/beginn-der-sturmflutsaison-ist-niedersachsen-gut-geruestet,kuestenschutz-104.html\" title=\"Sturmflutsaison: Wie gut sind Niedersachsens K\u00fcsten gesichert?\" rel=\"nofollow noopener\" target=\"_blank\">bereiten sich die L\u00e4nder<\/a> laut BSH bereits vor.<\/p>\n<p>        <img decoding=\"async\" src=\"https:\/\/www.europesays.com\/de\/wp-content\/uploads\/2025\/10\/kielerfoerde-100.webp\" alt=\"Segelboote auf der Kieler F\u00f6rde, dar\u00fcber Wolken.\" title=\"Segelboote auf der Kieler F\u00f6rde, dar\u00fcber Wolken. | Colourbox, Carsten Medom Madsen\" class=\"responsive\" loading=\"lazy\"\/><\/p>\n<p>Das Wetter in Hamburg, Schleswig-Holstein, Mecklenburg-Vorpommern und Niedersachsen: Vorhersage, Regenradar und PLZ-Suche.<\/p>\n<p>        <img decoding=\"async\" src=\"https:\/\/www.europesays.com\/de\/wp-content\/uploads\/2025\/10\/meinblick893.webp\" alt=\"Dunkle Wolken aber auch ein wenig Licht \u00fcber dem nieders\u00e4chsischen Wattenmeer.\" title=\"Dunkle Wolken aber auch ein wenig Licht \u00fcber dem nieders\u00e4chsischen Wattenmeer. | NDR, Holger Geister\" class=\"responsive\" loading=\"lazy\"\/><\/p>\n<p>F\u00fcr welche Regionen in Deutschland gilt eine Wetterwarnung? Die aktuelle Wetterkarte zeigt die derzeitige Lage.<\/p>\n<p>        <img decoding=\"async\" src=\"https:\/\/www.europesays.com\/de\/wp-content\/uploads\/2025\/10\/meinblick949.webp\" alt=\"Gro\u00dfe Wellen bei einer Sturmflut im Hafen von Dageb\u00fcll.\" title=\"Gro\u00dfe Wellen bei einer Sturmflut im Hafen von Dageb\u00fcll. | NDR, Sieghard Schmanteck\" class=\"responsive\" loading=\"lazy\"\/><\/p>\n<p>Am Donnerstag soll der bislang schwerste Herbststurm des Jahres aufziehen. Er k\u00f6nnte Reisepl\u00e4ne durcheinanderwirbeln.<\/p>\n<p>        <img decoding=\"async\" src=\"https:\/\/www.europesays.com\/de\/wp-content\/uploads\/2025\/10\/mittelmecklenburg2753.webp\" alt=\"Sturm an der Ostsee\" title=\"Die letzten Tage waren ziemlich st\u00fcrmisch, doch nun scheint das Wetter wieder sch\u00f6ner zu werden. Foto: Frank Hojenski aus Rostock | NDR, Frank Hojenski aus Rostock\" class=\"responsive\" loading=\"lazy\"\/><\/p>\n<p>Die St\u00e4rke des Windes wird in Beaufort gemessen. Die Sturm-Skala reicht von Windstille bis Orkan. Unsere Bildergalerie verr\u00e4t, wie sich die einzelnen Stufen unterscheiden.<\/p>\n","protected":false},"excerpt":{"rendered":"Stand: 24.10.2025 11:19 Uhr Das Sturmtief &#8222;Joshua&#8220; zieht \u00fcber den gesamten Norden. In der Nacht kam es zu&hellip;\n","protected":false},"author":2,"featured_media":523043,"comment_status":"","ping_status":"","sticky":false,"template":"","format":"standard","meta":{"footnotes":"","_share_on_mastodon":"0"},"categories":[1826],"tags":[33185,29,30,692,440,22028,9608,108754,74382,1973],"class_list":["post-523042","post","type-post","status-publish","format-standard","has-post-thumbnail","category-hamburg","tag-boeen","tag-deutschland","tag-germany","tag-hamburg","tag-norddeutschland","tag-norden","tag-sturm","tag-sturmflut","tag-sturmwarnung","tag-wetter"],"share_on_mastodon":{"url":"https:\/\/pubeurope.com\/@de\/115428624396345138","error":""},"_links":{"self":[{"href":"https:\/\/www.europesays.com\/de\/wp-json\/wp\/v2\/posts\/523042","targetHints":{"allow":["GET"]}}],"collection":[{"href":"https:\/\/www.europesays.com\/de\/wp-json\/wp\/v2\/posts"}],"about":[{"href":"https:\/\/www.europesays.com\/de\/wp-json\/wp\/v2\/types\/post"}],"author":[{"embeddable":true,"href":"https:\/\/www.europesays.com\/de\/wp-json\/wp\/v2\/users\/2"}],"replies":[{"embeddable":true,"href":"https:\/\/www.europesays.com\/de\/wp-json\/wp\/v2\/comments?post=523042"}],"version-history":[{"count":0,"href":"https:\/\/www.europesays.com\/de\/wp-json\/wp\/v2\/posts\/523042\/revisions"}],"wp:featuredmedia":[{"embeddable":true,"href":"https:\/\/www.europesays.com\/de\/wp-json\/wp\/v2\/media\/523043"}],"wp:attachment":[{"href":"https:\/\/www.europesays.com\/de\/wp-json\/wp\/v2\/media?parent=523042"}],"wp:term":[{"taxonomy":"category","embeddable":true,"href":"https:\/\/www.europesays.com\/de\/wp-json\/wp\/v2\/categories?post=523042"},{"taxonomy":"post_tag","embeddable":true,"href":"https:\/\/www.europesays.com\/de\/wp-json\/wp\/v2\/tags?post=523042"}],"curies":[{"name":"wp","href":"https:\/\/api.w.org\/{rel}","templated":true}]}}